{"id":4762,"date":"2026-01-18T10:15:35","date_gmt":"2026-01-18T09:15:35","guid":{"rendered":"https:\/\/www.avressieux.com\/mairie\/?p=4762"},"modified":"2026-01-18T10:16:36","modified_gmt":"2026-01-18T09:16:36","slug":"aides-et-allocations-seniors-2026-info-regions","status":"publish","type":"post","link":"https:\/\/www.avressieux.com\/mairie\/aides-et-allocations-seniors-2026-info-regions\/","title":{"rendered":"Aides et allocations s\u00e9niors 2026 &#8211; Info r\u00e9gions"},"content":{"rendered":"<p>[et_pb_section fb_built=\u00a0\u00bb1&Prime; _builder_version=\u00a0\u00bb4.16&Prime; _module_preset=\u00a0\u00bbdefault\u00a0\u00bb custom_margin=\u00a0\u00bb0px||||false|false\u00a0\u00bb custom_padding=\u00a0\u00bb0px||||false|false\u00a0\u00bb global_colors_info=\u00a0\u00bb{}\u00a0\u00bb theme_builder_area=\u00a0\u00bbpost_content\u00a0\u00bb][et_pb_row make_equal=\u00a0\u00bbon\u00a0\u00bb _builder_version=\u00a0\u00bb4.16&Prime; _module_preset=\u00a0\u00bbdefault\u00a0\u00bb width=\u00a0\u00bb96%\u00a0\u00bb width_tablet=\u00a0\u00bb95%\u00a0\u00bb width_phone=\u00a0\u00bb\u00a0\u00bb width_last_edited=\u00a0\u00bbon|phone\u00a0\u00bb module_alignment=\u00a0\u00bbcenter\u00a0\u00bb custom_margin=\u00a0\u00bb||||false|false\u00a0\u00bb custom_padding=\u00a0\u00bb||||false|false\u00a0\u00bb global_colors_info=\u00a0\u00bb{}\u00a0\u00bb theme_builder_area=\u00a0\u00bbpost_content\u00a0\u00bb][et_pb_column type=\u00a0\u00bb4_4&Prime; _builder_version=\u00a0\u00bb4.16&Prime; _module_preset=\u00a0\u00bbdefault\u00a0\u00bb global_colors_info=\u00a0\u00bb{}\u00a0\u00bb theme_builder_area=\u00a0\u00bbpost_content\u00a0\u00bb][et_pb_text _builder_version=\u00a0\u00bb4.27.5&Prime; _module_preset=\u00a0\u00bbdefault\u00a0\u00bb text_orientation=\u00a0\u00bbcenter\u00a0\u00bb hover_enabled=\u00a0\u00bb0&Prime; global_colors_info=\u00a0\u00bb{}\u00a0\u00bb theme_builder_area=\u00a0\u00bbpost_content\u00a0\u00bb sticky_enabled=\u00a0\u00bb0&Prime;]<\/p>\n<h2 dir=\"ltr\" style=\"line-height: 1.38; margin-top: 18pt; margin-bottom: 4pt; text-align: left;\"><span style=\"font-size: 17pt; font-family: Arial,sans-serif; color: #000000; background-color: transparent; font-weight: bold; font-style: normal; font-variant: normal; text-decoration: none; vertical-align: baseline;\">Les aides publiques li\u00e9es \u00e0 l\u2019h\u00e9bergement des personnes \u00e2g\u00e9es<\/span><\/h2>\n<p dir=\"ltr\" style=\"line-height: 1.38; text-align: left;\"><span style=\"font-size: 11pt; font-family: Arial,sans-serif; color: #000000; background-color: transparent; font-weight: 400; font-style: normal; font-variant: normal; text-decoration: none; vertical-align: baseline;\">L\u2019entr\u00e9e en maison de retraite peut engendrer des co\u00fbts \u00e9lev\u00e9s, notamment lorsque la perte d\u2019autonomie n\u00e9cessite un accompagnement renforc\u00e9. Des dispositifs publics permettent toutefois d\u2019all\u00e9ger cette charge financi\u00e8re.<\/span><\/p>\n<p dir=\"ltr\" style=\"line-height: 1.38; text-align: left;\"><span style=\"font-size: 11pt; font-family: Arial,sans-serif; color: #000000; background-color: transparent; font-weight: 400; font-style: normal; font-variant: normal; text-decoration: none; vertical-align: baseline;\">L\u2019Allocation Personnalis\u00e9e d\u2019Autonomie soutient les personnes \u00e2g\u00e9es en perte d\u2019autonomie en finan\u00e7ant des prestations adapt\u00e9es \u00e0 leurs besoins. Elle est attribu\u00e9e apr\u00e8s \u00e9valuation et peut couvrir une partie des frais li\u00e9s \u00e0 la d\u00e9pendance.<\/span><\/p>\n<p dir=\"ltr\" style=\"line-height: 1.38; text-align: left;\"><span style=\"font-size: 11pt; font-family: Arial,sans-serif; color: #000000; background-color: transparent; font-weight: 400; font-style: normal; font-variant: normal; text-decoration: none; vertical-align: baseline;\">L\u2019Assistance Sociale \u00e0 l\u2019H\u00e9bergement compl\u00e8te ce dispositif lorsque les ressources du senior sont insuffisantes. Elle vise \u00e0 garantir l\u2019acc\u00e8s \u00e0 un \u00e9tablissement habilit\u00e9, apr\u00e8s \u00e9tude de la situation financi\u00e8re et familiale.<\/span><\/p>\n<p dir=\"ltr\" style=\"line-height: 1.38; text-align: left;\"><span style=\"font-size: 11pt; font-family: Arial,sans-serif; color: #000000; background-color: transparent; font-weight: 400; font-style: normal; font-variant: normal; text-decoration: none; vertical-align: baseline;\">Les d\u00e9marches comprennent :<\/span><\/p>\n<ul style=\"text-align: left;\">\n<li dir=\"ltr\" aria-level=\"1\" style=\"list-style-type: disc; font-size: 11pt; font-family: Arial,sans-serif; color: #000000; background-color: transparent; font-weight: 400; font-style: normal; font-variant: normal; text-decoration: none; vertical-align: baseline;\">\n<p dir=\"ltr\" role=\"presentation\" style=\"line-height: 1.38; margin-top: 12pt; margin-bottom: 0pt; text-align: left;\"><span style=\"font-size: 11pt; font-family: Arial,sans-serif; color: #000000; background-color: transparent; font-weight: 400; font-style: normal; font-variant: normal; text-decoration: none; vertical-align: baseline;\">la constitution d\u2019un dossier aupr\u00e8s du d\u00e9partement ;<\/span><\/p>\n<\/li>\n<li dir=\"ltr\" aria-level=\"1\" style=\"list-style-type: disc; font-size: 11pt; font-family: Arial, sans-serif; color: #000000; background-color: transparent; font-weight: 400; font-style: normal; font-variant: normal; text-decoration: none; vertical-align: baseline; text-align: left;\">\n<p dir=\"ltr\" role=\"presentation\" style=\"line-height: 1.38; margin-top: 0pt; margin-bottom: 0pt;\"><span style=\"font-size: 11pt; font-family: Arial,sans-serif; color: #000000; background-color: transparent; font-weight: 400; font-style: normal; font-variant: normal; text-decoration: none; vertical-align: baseline;\">l\u2019instruction administrative ;<\/span><\/p>\n<\/li>\n<li dir=\"ltr\" aria-level=\"1\" style=\"list-style-type: disc; font-size: 11pt; font-family: Arial,sans-serif; color: #000000; background-color: transparent; font-weight: 400; font-style: normal; font-variant: normal; text-decoration: none; vertical-align: baseline;\">\n<p dir=\"ltr\" role=\"presentation\" style=\"line-height: 1.38; margin-top: 0pt; margin-bottom: 12pt; text-align: left;\"><span style=\"font-size: 11pt; font-family: Arial,sans-serif; color: #000000; background-color: transparent; font-weight: 400; font-style: normal; font-variant: normal; text-decoration: none; vertical-align: baseline;\">la d\u00e9cision notifi\u00e9e au demandeur.<\/span><\/p>\n<\/li>\n<\/ul>\n<p dir=\"ltr\" style=\"line-height: 1.38; text-align: left;\"><span style=\"font-size: 11pt; font-family: Arial,sans-serif; color: #000000; background-color: transparent; font-weight: 400; font-style: normal; font-variant: normal; text-decoration: none; vertical-align: baseline;\">Pour obtenir des informations d\u00e9taill\u00e9es sur les conditions d\u2019\u00e9ligibilit\u00e9 et les proc\u00e9dures, le site officiel du Service Public est \u00e0 consulter :<\/span><a href=\"https:\/\/www.service-public.fr\/particuliers\/vosdroits\/N392\" style=\"text-decoration: none;\" target=\"_blank\" data-saferedirecturl=\"https:\/\/www.google.com\/url?q=https:\/\/www.service-public.fr\/particuliers\/vosdroits\/N392&amp;source=gmail&amp;ust=1768813920413000&amp;usg=AOvVaw2-CFQQ_U79ITy3KneXZy7w\" rel=\"noopener\"><span style=\"font-size: 11pt; font-family: Arial,sans-serif; color: #000000; background-color: transparent; font-weight: 400; font-style: normal; font-variant: normal; text-decoration: none; vertical-align: baseline;\"> <\/span><span style=\"font-size: 11pt; font-family: Arial,sans-serif; color: #1155cc; background-color: transparent; font-weight: 400; font-style: normal; font-variant: normal; text-decoration: underline; vertical-align: baseline;\">https:\/\/www.service-public.fr\/<wbr \/>particuliers\/vosdroits\/N392<\/span><\/a><span style=\"font-size: 11pt; font-family: Arial,sans-serif; color: #000000; background-color: transparent; font-weight: 400; font-style: normal; font-variant: normal; text-decoration: none; vertical-align: baseline;\">. Il est \u00e9galement possible d\u2019acc\u00e9der \u00e0 davantage de pr\u00e9cisions en se renseignant directement aupr\u00e8s des r<\/span><a href=\"https:\/\/www.capretraite.fr\/maisons-de-retraite\/\" style=\"text-decoration: none;\" target=\"_blank\" data-saferedirecturl=\"https:\/\/www.google.com\/url?q=https:\/\/www.capretraite.fr\/maisons-de-retraite\/&amp;source=gmail&amp;ust=1768813920413000&amp;usg=AOvVaw2bpG824lOk1jXNNkIRPIpS\" rel=\"noopener\"><span style=\"font-size: 11pt; font-family: Arial,sans-serif; color: #1155cc; background-color: transparent; font-weight: 400; font-style: normal; font-variant: normal; text-decoration: underline; vertical-align: baseline;\">\u00e9sidences s\u00e9niors \u00e0 proximit\u00e9<\/span><\/a><span style=\"font-size: 11pt; font-family: Arial,sans-serif; color: #000000; background-color: transparent; font-weight: 400; font-style: normal; font-variant: normal; text-decoration: none; vertical-align: baseline;\"> ou en consultant un annuaire d\u2019\u00e9tablissements permettant de v\u00e9rifier les disponibilit\u00e9s et d\u2019\u00eatre accompagn\u00e9 dans sa recherche.<\/span><\/p>\n<p>[\/et_pb_text][\/et_pb_column][\/et_pb_row][\/et_pb_section]<\/p>\n","protected":false},"excerpt":{"rendered":"<p>Les aides publiques li\u00e9es \u00e0 l\u2019h\u00e9bergement des personnes \u00e2g\u00e9es L\u2019entr\u00e9e en maison de retraite peut engendrer des co\u00fbts \u00e9lev\u00e9s, notamment lorsque la perte d\u2019autonomie n\u00e9cessite un accompagnement renforc\u00e9. Des dispositifs publics permettent toutefois d\u2019all\u00e9ger cette charge financi\u00e8re. L\u2019Allocation Personnalis\u00e9e d\u2019Autonomie soutient les personnes \u00e2g\u00e9es en perte d\u2019autonomie en finan\u00e7ant des prestations adapt\u00e9es \u00e0 leurs besoins. [&hellip;]<\/p>\n","protected":false},"author":1,"featured_media":4763,"comment_status":"closed","ping_status":"closed","sticky":false,"template":"","format":"standard","meta":{"_et_pb_use_builder":"on","_et_pb_old_content":"","_et_gb_content_width":"1080","footnotes":""},"categories":[149,25],"tags":[50,51,108,127],"class_list":["post-4762","post","type-post","status-publish","format-standard","has-post-thumbnail","hentry","category-a-la-une","category-infospratiques","tag-accueil","tag-administratif","tag-mairie","tag-secretariat"],"yoast_head":"<!-- This site is optimized with the Yoast SEO plugin v27.5 - https:\/\/yoast.com\/product\/yoast-seo-wordpress\/ -->\n<title>Aides et allocations s\u00e9niors 2026 - Info r\u00e9gions | Avressieux<\/title>\n<meta name=\"description\" content=\"Aides et allocations s\u00e9niors 2026 - Info r\u00e9gions | Commune d&#039;Avressieux, en Savoie - 73240 - Actualit\u00e9s municipales, recrutement\" \/>\n<meta name=\"robots\" content=\"index, follow, max-snippet:-1, max-image-preview:large, max-video-preview:-1\" \/>\n<link rel=\"canonical\" href=\"https:\/\/www.avressieux.com\/mairie\/aides-et-allocations-seniors-2026-info-regions\/\" \/>\n<meta property=\"og:locale\" content=\"fr_FR\" \/>\n<meta property=\"og:type\" content=\"article\" \/>\n<meta property=\"og:title\" content=\"Aides et allocations s\u00e9niors 2026 - Info r\u00e9gions | Avressieux\" \/>\n<meta property=\"og:description\" content=\"Aides et allocations s\u00e9niors 2026 - Info r\u00e9gions | Commune d&#039;Avressieux, en Savoie - 73240 - Actualit\u00e9s municipales, recrutement\" \/>\n<meta property=\"og:url\" content=\"https:\/\/www.avressieux.com\/mairie\/aides-et-allocations-seniors-2026-info-regions\/\" \/>\n<meta property=\"og:site_name\" content=\"Avressieux\" \/>\n<meta property=\"article:publisher\" content=\"https:\/\/www.facebook.com\/Mairie-dAvressieux-104859844654359\/\" \/>\n<meta property=\"article:published_time\" content=\"2026-01-18T09:15:35+00:00\" \/>\n<meta property=\"article:modified_time\" content=\"2026-01-18T09:16:36+00:00\" \/>\n<meta property=\"og:image\" content=\"https:\/\/www.avressieux.com\/mairie\/wp-content\/uploads\/2026\/01\/service-public.jpg\" \/>\n\t<meta property=\"og:image:width\" content=\"1200\" \/>\n\t<meta property=\"og:image:height\" content=\"799\" \/>\n\t<meta property=\"og:image:type\" content=\"image\/jpeg\" \/>\n<meta name=\"author\" content=\"Mairie Avressieux\" \/>\n<meta name=\"twitter:card\" content=\"summary_large_image\" \/>\n<meta name=\"twitter:label1\" content=\"\u00c9crit par\" \/>\n\t<meta name=\"twitter:data1\" content=\"Mairie Avressieux\" \/>\n\t<meta name=\"twitter:label2\" content=\"Dur\u00e9e de lecture estim\u00e9e\" \/>\n\t<meta name=\"twitter:data2\" content=\"2 minutes\" \/>\n<script type=\"application\/ld+json\" class=\"yoast-schema-graph\">{\"@context\":\"https:\\\/\\\/schema.org\",\"@graph\":[{\"@type\":\"Article\",\"@id\":\"https:\\\/\\\/www.avressieux.com\\\/mairie\\\/aides-et-allocations-seniors-2026-info-regions\\\/#article\",\"isPartOf\":{\"@id\":\"https:\\\/\\\/www.avressieux.com\\\/mairie\\\/aides-et-allocations-seniors-2026-info-regions\\\/\"},\"author\":{\"name\":\"Mairie Avressieux\",\"@id\":\"https:\\\/\\\/www.avressieux.com\\\/mairie\\\/#\\\/schema\\\/person\\\/9f22688c8c9f239d3d5099d8f47ed9bc\"},\"headline\":\"Aides et allocations s\u00e9niors 2026 &#8211; Info r\u00e9gions\",\"datePublished\":\"2026-01-18T09:15:35+00:00\",\"dateModified\":\"2026-01-18T09:16:36+00:00\",\"mainEntityOfPage\":{\"@id\":\"https:\\\/\\\/www.avressieux.com\\\/mairie\\\/aides-et-allocations-seniors-2026-info-regions\\\/\"},\"wordCount\":356,\"publisher\":{\"@id\":\"https:\\\/\\\/www.avressieux.com\\\/mairie\\\/#organization\"},\"image\":{\"@id\":\"https:\\\/\\\/www.avressieux.com\\\/mairie\\\/aides-et-allocations-seniors-2026-info-regions\\\/#primaryimage\"},\"thumbnailUrl\":\"https:\\\/\\\/www.avressieux.com\\\/mairie\\\/wp-content\\\/uploads\\\/2026\\\/01\\\/service-public.jpg\",\"keywords\":[\"accueil\",\"administratif\",\"mairie\",\"secr\u00e9tariat\"],\"articleSection\":[\"\u00c0 la Une\",\"Infos pratiques\"],\"inLanguage\":\"fr-FR\"},{\"@type\":\"WebPage\",\"@id\":\"https:\\\/\\\/www.avressieux.com\\\/mairie\\\/aides-et-allocations-seniors-2026-info-regions\\\/\",\"url\":\"https:\\\/\\\/www.avressieux.com\\\/mairie\\\/aides-et-allocations-seniors-2026-info-regions\\\/\",\"name\":\"Aides et allocations s\u00e9niors 2026 - Info r\u00e9gions | Avressieux\",\"isPartOf\":{\"@id\":\"https:\\\/\\\/www.avressieux.com\\\/mairie\\\/#website\"},\"primaryImageOfPage\":{\"@id\":\"https:\\\/\\\/www.avressieux.com\\\/mairie\\\/aides-et-allocations-seniors-2026-info-regions\\\/#primaryimage\"},\"image\":{\"@id\":\"https:\\\/\\\/www.avressieux.com\\\/mairie\\\/aides-et-allocations-seniors-2026-info-regions\\\/#primaryimage\"},\"thumbnailUrl\":\"https:\\\/\\\/www.avressieux.com\\\/mairie\\\/wp-content\\\/uploads\\\/2026\\\/01\\\/service-public.jpg\",\"datePublished\":\"2026-01-18T09:15:35+00:00\",\"dateModified\":\"2026-01-18T09:16:36+00:00\",\"description\":\"Aides et allocations s\u00e9niors 2026 - Info r\u00e9gions | Commune d'Avressieux, en Savoie - 73240 - Actualit\u00e9s municipales, recrutement\",\"breadcrumb\":{\"@id\":\"https:\\\/\\\/www.avressieux.com\\\/mairie\\\/aides-et-allocations-seniors-2026-info-regions\\\/#breadcrumb\"},\"inLanguage\":\"fr-FR\",\"potentialAction\":[{\"@type\":\"ReadAction\",\"target\":[\"https:\\\/\\\/www.avressieux.com\\\/mairie\\\/aides-et-allocations-seniors-2026-info-regions\\\/\"]}]},{\"@type\":\"ImageObject\",\"inLanguage\":\"fr-FR\",\"@id\":\"https:\\\/\\\/www.avressieux.com\\\/mairie\\\/aides-et-allocations-seniors-2026-info-regions\\\/#primaryimage\",\"url\":\"https:\\\/\\\/www.avressieux.com\\\/mairie\\\/wp-content\\\/uploads\\\/2026\\\/01\\\/service-public.jpg\",\"contentUrl\":\"https:\\\/\\\/www.avressieux.com\\\/mairie\\\/wp-content\\\/uploads\\\/2026\\\/01\\\/service-public.jpg\",\"width\":1200,\"height\":799},{\"@type\":\"BreadcrumbList\",\"@id\":\"https:\\\/\\\/www.avressieux.com\\\/mairie\\\/aides-et-allocations-seniors-2026-info-regions\\\/#breadcrumb\",\"itemListElement\":[{\"@type\":\"ListItem\",\"position\":1,\"name\":\"Accueil\",\"item\":\"https:\\\/\\\/www.avressieux.com\\\/mairie\\\/\"},{\"@type\":\"ListItem\",\"position\":2,\"name\":\"Aides et allocations s\u00e9niors 2026 &#8211; Info r\u00e9gions\"}]},{\"@type\":\"WebSite\",\"@id\":\"https:\\\/\\\/www.avressieux.com\\\/mairie\\\/#website\",\"url\":\"https:\\\/\\\/www.avressieux.com\\\/mairie\\\/\",\"name\":\"Avressieux\",\"description\":\"Site officiel de la commune\",\"publisher\":{\"@id\":\"https:\\\/\\\/www.avressieux.com\\\/mairie\\\/#organization\"},\"potentialAction\":[{\"@type\":\"SearchAction\",\"target\":{\"@type\":\"EntryPoint\",\"urlTemplate\":\"https:\\\/\\\/www.avressieux.com\\\/mairie\\\/?s={search_term_string}\"},\"query-input\":{\"@type\":\"PropertyValueSpecification\",\"valueRequired\":true,\"valueName\":\"search_term_string\"}}],\"inLanguage\":\"fr-FR\"},{\"@type\":\"Organization\",\"@id\":\"https:\\\/\\\/www.avressieux.com\\\/mairie\\\/#organization\",\"name\":\"Commune d'Avressieux\",\"url\":\"https:\\\/\\\/www.avressieux.com\\\/mairie\\\/\",\"logo\":{\"@type\":\"ImageObject\",\"inLanguage\":\"fr-FR\",\"@id\":\"https:\\\/\\\/www.avressieux.com\\\/mairie\\\/#\\\/schema\\\/logo\\\/image\\\/\",\"url\":\"https:\\\/\\\/www.avressieux.com\\\/mairie\\\/wp-content\\\/uploads\\\/2020\\\/08\\\/favicon.jpg\",\"contentUrl\":\"https:\\\/\\\/www.avressieux.com\\\/mairie\\\/wp-content\\\/uploads\\\/2020\\\/08\\\/favicon.jpg\",\"width\":512,\"height\":512,\"caption\":\"Commune d'Avressieux\"},\"image\":{\"@id\":\"https:\\\/\\\/www.avressieux.com\\\/mairie\\\/#\\\/schema\\\/logo\\\/image\\\/\"},\"sameAs\":[\"https:\\\/\\\/www.facebook.com\\\/Mairie-dAvressieux-104859844654359\\\/\"]},{\"@type\":\"Person\",\"@id\":\"https:\\\/\\\/www.avressieux.com\\\/mairie\\\/#\\\/schema\\\/person\\\/9f22688c8c9f239d3d5099d8f47ed9bc\",\"name\":\"Mairie Avressieux\",\"image\":{\"@type\":\"ImageObject\",\"inLanguage\":\"fr-FR\",\"@id\":\"https:\\\/\\\/secure.gravatar.com\\\/avatar\\\/f979a8c5245a726ff2cfde2b718b3b9614faeaa1c305f48ed6a3413eb5691b5b?s=96&d=mm&r=g\",\"url\":\"https:\\\/\\\/secure.gravatar.com\\\/avatar\\\/f979a8c5245a726ff2cfde2b718b3b9614faeaa1c305f48ed6a3413eb5691b5b?s=96&d=mm&r=g\",\"contentUrl\":\"https:\\\/\\\/secure.gravatar.com\\\/avatar\\\/f979a8c5245a726ff2cfde2b718b3b9614faeaa1c305f48ed6a3413eb5691b5b?s=96&d=mm&r=g\",\"caption\":\"Mairie Avressieux\"}}]}<\/script>\n<!-- \/ Yoast SEO plugin. -->","yoast_head_json":{"title":"Aides et allocations s\u00e9niors 2026 - Info r\u00e9gions | Avressieux","description":"Aides et allocations s\u00e9niors 2026 - Info r\u00e9gions | Commune d'Avressieux, en Savoie - 73240 - Actualit\u00e9s municipales, recrutement","robots":{"index":"index","follow":"follow","max-snippet":"max-snippet:-1","max-image-preview":"max-image-preview:large","max-video-preview":"max-video-preview:-1"},"canonical":"https:\/\/www.avressieux.com\/mairie\/aides-et-allocations-seniors-2026-info-regions\/","og_locale":"fr_FR","og_type":"article","og_title":"Aides et allocations s\u00e9niors 2026 - Info r\u00e9gions | Avressieux","og_description":"Aides et allocations s\u00e9niors 2026 - Info r\u00e9gions | Commune d'Avressieux, en Savoie - 73240 - Actualit\u00e9s municipales, recrutement","og_url":"https:\/\/www.avressieux.com\/mairie\/aides-et-allocations-seniors-2026-info-regions\/","og_site_name":"Avressieux","article_publisher":"https:\/\/www.facebook.com\/Mairie-dAvressieux-104859844654359\/","article_published_time":"2026-01-18T09:15:35+00:00","article_modified_time":"2026-01-18T09:16:36+00:00","og_image":[{"width":1200,"height":799,"url":"https:\/\/www.avressieux.com\/mairie\/wp-content\/uploads\/2026\/01\/service-public.jpg","type":"image\/jpeg"}],"author":"Mairie Avressieux","twitter_card":"summary_large_image","twitter_misc":{"\u00c9crit par":"Mairie Avressieux","Dur\u00e9e de lecture estim\u00e9e":"2 minutes"},"schema":{"@context":"https:\/\/schema.org","@graph":[{"@type":"Article","@id":"https:\/\/www.avressieux.com\/mairie\/aides-et-allocations-seniors-2026-info-regions\/#article","isPartOf":{"@id":"https:\/\/www.avressieux.com\/mairie\/aides-et-allocations-seniors-2026-info-regions\/"},"author":{"name":"Mairie Avressieux","@id":"https:\/\/www.avressieux.com\/mairie\/#\/schema\/person\/9f22688c8c9f239d3d5099d8f47ed9bc"},"headline":"Aides et allocations s\u00e9niors 2026 &#8211; Info r\u00e9gions","datePublished":"2026-01-18T09:15:35+00:00","dateModified":"2026-01-18T09:16:36+00:00","mainEntityOfPage":{"@id":"https:\/\/www.avressieux.com\/mairie\/aides-et-allocations-seniors-2026-info-regions\/"},"wordCount":356,"publisher":{"@id":"https:\/\/www.avressieux.com\/mairie\/#organization"},"image":{"@id":"https:\/\/www.avressieux.com\/mairie\/aides-et-allocations-seniors-2026-info-regions\/#primaryimage"},"thumbnailUrl":"https:\/\/www.avressieux.com\/mairie\/wp-content\/uploads\/2026\/01\/service-public.jpg","keywords":["accueil","administratif","mairie","secr\u00e9tariat"],"articleSection":["\u00c0 la Une","Infos pratiques"],"inLanguage":"fr-FR"},{"@type":"WebPage","@id":"https:\/\/www.avressieux.com\/mairie\/aides-et-allocations-seniors-2026-info-regions\/","url":"https:\/\/www.avressieux.com\/mairie\/aides-et-allocations-seniors-2026-info-regions\/","name":"Aides et allocations s\u00e9niors 2026 - Info r\u00e9gions | Avressieux","isPartOf":{"@id":"https:\/\/www.avressieux.com\/mairie\/#website"},"primaryImageOfPage":{"@id":"https:\/\/www.avressieux.com\/mairie\/aides-et-allocations-seniors-2026-info-regions\/#primaryimage"},"image":{"@id":"https:\/\/www.avressieux.com\/mairie\/aides-et-allocations-seniors-2026-info-regions\/#primaryimage"},"thumbnailUrl":"https:\/\/www.avressieux.com\/mairie\/wp-content\/uploads\/2026\/01\/service-public.jpg","datePublished":"2026-01-18T09:15:35+00:00","dateModified":"2026-01-18T09:16:36+00:00","description":"Aides et allocations s\u00e9niors 2026 - Info r\u00e9gions | Commune d'Avressieux, en Savoie - 73240 - Actualit\u00e9s municipales, recrutement","breadcrumb":{"@id":"https:\/\/www.avressieux.com\/mairie\/aides-et-allocations-seniors-2026-info-regions\/#breadcrumb"},"inLanguage":"fr-FR","potentialAction":[{"@type":"ReadAction","target":["https:\/\/www.avressieux.com\/mairie\/aides-et-allocations-seniors-2026-info-regions\/"]}]},{"@type":"ImageObject","inLanguage":"fr-FR","@id":"https:\/\/www.avressieux.com\/mairie\/aides-et-allocations-seniors-2026-info-regions\/#primaryimage","url":"https:\/\/www.avressieux.com\/mairie\/wp-content\/uploads\/2026\/01\/service-public.jpg","contentUrl":"https:\/\/www.avressieux.com\/mairie\/wp-content\/uploads\/2026\/01\/service-public.jpg","width":1200,"height":799},{"@type":"BreadcrumbList","@id":"https:\/\/www.avressieux.com\/mairie\/aides-et-allocations-seniors-2026-info-regions\/#breadcrumb","itemListElement":[{"@type":"ListItem","position":1,"name":"Accueil","item":"https:\/\/www.avressieux.com\/mairie\/"},{"@type":"ListItem","position":2,"name":"Aides et allocations s\u00e9niors 2026 &#8211; Info r\u00e9gions"}]},{"@type":"WebSite","@id":"https:\/\/www.avressieux.com\/mairie\/#website","url":"https:\/\/www.avressieux.com\/mairie\/","name":"Avressieux","description":"Site officiel de la commune","publisher":{"@id":"https:\/\/www.avressieux.com\/mairie\/#organization"},"potentialAction":[{"@type":"SearchAction","target":{"@type":"EntryPoint","urlTemplate":"https:\/\/www.avressieux.com\/mairie\/?s={search_term_string}"},"query-input":{"@type":"PropertyValueSpecification","valueRequired":true,"valueName":"search_term_string"}}],"inLanguage":"fr-FR"},{"@type":"Organization","@id":"https:\/\/www.avressieux.com\/mairie\/#organization","name":"Commune d'Avressieux","url":"https:\/\/www.avressieux.com\/mairie\/","logo":{"@type":"ImageObject","inLanguage":"fr-FR","@id":"https:\/\/www.avressieux.com\/mairie\/#\/schema\/logo\/image\/","url":"https:\/\/www.avressieux.com\/mairie\/wp-content\/uploads\/2020\/08\/favicon.jpg","contentUrl":"https:\/\/www.avressieux.com\/mairie\/wp-content\/uploads\/2020\/08\/favicon.jpg","width":512,"height":512,"caption":"Commune d'Avressieux"},"image":{"@id":"https:\/\/www.avressieux.com\/mairie\/#\/schema\/logo\/image\/"},"sameAs":["https:\/\/www.facebook.com\/Mairie-dAvressieux-104859844654359\/"]},{"@type":"Person","@id":"https:\/\/www.avressieux.com\/mairie\/#\/schema\/person\/9f22688c8c9f239d3d5099d8f47ed9bc","name":"Mairie Avressieux","image":{"@type":"ImageObject","inLanguage":"fr-FR","@id":"https:\/\/secure.gravatar.com\/avatar\/f979a8c5245a726ff2cfde2b718b3b9614faeaa1c305f48ed6a3413eb5691b5b?s=96&d=mm&r=g","url":"https:\/\/secure.gravatar.com\/avatar\/f979a8c5245a726ff2cfde2b718b3b9614faeaa1c305f48ed6a3413eb5691b5b?s=96&d=mm&r=g","contentUrl":"https:\/\/secure.gravatar.com\/avatar\/f979a8c5245a726ff2cfde2b718b3b9614faeaa1c305f48ed6a3413eb5691b5b?s=96&d=mm&r=g","caption":"Mairie Avressieux"}}]}},"publishpress_future_action":{"enabled":false,"date":"2026-05-07 10:33:18","action":"change-status","newStatus":"draft","terms":[],"taxonomy":"category","extraData":[]},"publishpress_future_workflow_manual_trigger":{"enabledWorkflows":[]},"_links":{"self":[{"href":"https:\/\/www.avressieux.com\/mairie\/wp-json\/wp\/v2\/posts\/4762","targetHints":{"allow":["GET"]}}],"collection":[{"href":"https:\/\/www.avressieux.com\/mairie\/wp-json\/wp\/v2\/posts"}],"about":[{"href":"https:\/\/www.avressieux.com\/mairie\/wp-json\/wp\/v2\/types\/post"}],"author":[{"embeddable":true,"href":"https:\/\/www.avressieux.com\/mairie\/wp-json\/wp\/v2\/users\/1"}],"replies":[{"embeddable":true,"href":"https:\/\/www.avressieux.com\/mairie\/wp-json\/wp\/v2\/comments?post=4762"}],"version-history":[{"count":2,"href":"https:\/\/www.avressieux.com\/mairie\/wp-json\/wp\/v2\/posts\/4762\/revisions"}],"predecessor-version":[{"id":4766,"href":"https:\/\/www.avressieux.com\/mairie\/wp-json\/wp\/v2\/posts\/4762\/revisions\/4766"}],"wp:featuredmedia":[{"embeddable":true,"href":"https:\/\/www.avressieux.com\/mairie\/wp-json\/wp\/v2\/media\/4763"}],"wp:attachment":[{"href":"https:\/\/www.avressieux.com\/mairie\/wp-json\/wp\/v2\/media?parent=4762"}],"wp:term":[{"taxonomy":"category","embeddable":true,"href":"https:\/\/www.avressieux.com\/mairie\/wp-json\/wp\/v2\/categories?post=4762"},{"taxonomy":"post_tag","embeddable":true,"href":"https:\/\/www.avressieux.com\/mairie\/wp-json\/wp\/v2\/tags?post=4762"}],"curies":[{"name":"wp","href":"https:\/\/api.w.org\/{rel}","templated":true}]}}