{"id":4757,"date":"2026-01-18T10:10:26","date_gmt":"2026-01-18T09:10:26","guid":{"rendered":"https:\/\/www.avressieux.com\/mairie\/?p=4757"},"modified":"2026-01-18T10:11:17","modified_gmt":"2026-01-18T09:11:17","slug":"travaux-a-loffice-de-tourisme","status":"publish","type":"post","link":"https:\/\/www.avressieux.com\/mairie\/travaux-a-loffice-de-tourisme\/","title":{"rendered":"Travaux \u00e0 l&rsquo;Office de tourisme"},"content":{"rendered":"<p>[et_pb_section fb_built=\u00a0\u00bb1&Prime; _builder_version=\u00a0\u00bb4.16&Prime; _module_preset=\u00a0\u00bbdefault\u00a0\u00bb custom_margin=\u00a0\u00bb0px||||false|false\u00a0\u00bb custom_padding=\u00a0\u00bb0px||||false|false\u00a0\u00bb global_colors_info=\u00a0\u00bb{}\u00a0\u00bb theme_builder_area=\u00a0\u00bbpost_content\u00a0\u00bb][et_pb_row make_equal=\u00a0\u00bbon\u00a0\u00bb _builder_version=\u00a0\u00bb4.16&Prime; _module_preset=\u00a0\u00bbdefault\u00a0\u00bb width=\u00a0\u00bb96%\u00a0\u00bb width_tablet=\u00a0\u00bb95%\u00a0\u00bb width_phone=\u00a0\u00bb\u00a0\u00bb width_last_edited=\u00a0\u00bbon|phone\u00a0\u00bb module_alignment=\u00a0\u00bbcenter\u00a0\u00bb custom_margin=\u00a0\u00bb||||false|false\u00a0\u00bb custom_padding=\u00a0\u00bb||||false|false\u00a0\u00bb global_colors_info=\u00a0\u00bb{}\u00a0\u00bb theme_builder_area=\u00a0\u00bbpost_content\u00a0\u00bb][et_pb_column type=\u00a0\u00bb4_4&Prime; _builder_version=\u00a0\u00bb4.16&Prime; _module_preset=\u00a0\u00bbdefault\u00a0\u00bb global_colors_info=\u00a0\u00bb{}\u00a0\u00bb theme_builder_area=\u00a0\u00bbpost_content\u00a0\u00bb][et_pb_text _builder_version=\u00a0\u00bb4.27.5&Prime; _module_preset=\u00a0\u00bbdefault\u00a0\u00bb text_orientation=\u00a0\u00bbcenter\u00a0\u00bb hover_enabled=\u00a0\u00bb0&Prime; global_colors_info=\u00a0\u00bb{}\u00a0\u00bb theme_builder_area=\u00a0\u00bbpost_content\u00a0\u00bb sticky_enabled=\u00a0\u00bb0&Prime;]<\/p>\n<table cellspacing=\"0\" cellpadding=\"0\" border=\"0\" role=\"presentation\" width=\"100%\" align=\"center\" class=\"r0-o\" style=\"table-layout: fixed; width: 100%;\">\n<tbody>\n<tr>\n<td class=\"r16-i\" style=\"padding-bottom: 20px; padding-top: 40px;\">\n<table width=\"100%\" cellspacing=\"0\" cellpadding=\"0\" border=\"0\" role=\"presentation\">\n<tbody>\n<tr>\n<th width=\"100%\" valign=\"top\" class=\"r4-c\" style=\"font-weight: normal;\">\n<table cellspacing=\"0\" cellpadding=\"0\" border=\"0\" role=\"presentation\" width=\"100%\" align=\"left\" class=\"r17-o\" style=\"table-layout: fixed; width: 100%;\">\n<tbody>\n<tr>\n<td align=\"left\" valign=\"top\" class=\"r18-i nl2go-default-textstyle\" style=\"color: #414141; font-family: Arial; font-size: 16px; line-height: 1.5; word-break: break-word; text-align: left;\">\n<div>\n<h2 class=\"default-heading2\" style=\"margin: 0; color: #414141; font-family: Arial; font-size: 32px; font-weight: 400; word-break: break-word;\"><span style=\"color: #e51a2f; font-size: 26px;\">Fermeture pour travaux<\/span><\/h2>\n<\/div>\n<\/td>\n<\/tr>\n<\/tbody>\n<\/table>\n<table cellspacing=\"0\" cellpadding=\"0\" border=\"0\" role=\"presentation\" width=\"100%\" align=\"left\" class=\"r17-o\" style=\"table-layout: fixed; width: 100%;\">\n<tbody>\n<tr>\n<td align=\"left\" valign=\"top\" class=\"r19-i nl2go-default-textstyle\" style=\"color: #414141; font-family: Arial; font-size: 16px; line-height: 1.5; word-break: break-word; padding-bottom: 15px; padding-top: 15px; text-align: left;\">\n<div>\n<p style=\"margin: 0;\"><span style=\"color: #0c424a;\">L&rsquo;Office de tourisme et le Repaire Louis Mandrin sont ferm\u00e9s jusqu&rsquo;au d\u00e9but du mois de mars 2026\u00a0pour des travaux de r\u00e9fection.\u00a0<\/span><\/p>\n<\/div>\n<\/td>\n<\/tr>\n<\/tbody>\n<\/table>\n<\/th>\n<\/tr>\n<\/tbody>\n<\/table>\n<\/td>\n<\/tr>\n<\/tbody>\n<\/table>\n<table cellspacing=\"0\" cellpadding=\"0\" border=\"0\" role=\"presentation\" width=\"100%\" align=\"center\" class=\"r0-o\" style=\"table-layout: fixed; width: 100%;\">\n<tbody>\n<tr>\n<td class=\"r16-i\" style=\"padding-bottom: 20px; padding-top: 40px;\">\n<table width=\"100%\" cellspacing=\"0\" cellpadding=\"0\" border=\"0\" role=\"presentation\">\n<tbody>\n<tr>\n<th width=\"100%\" valign=\"top\" class=\"r4-c\" style=\"font-weight: normal;\">\n<table cellspacing=\"0\" cellpadding=\"0\" border=\"0\" role=\"presentation\" width=\"100%\" align=\"left\" class=\"r17-o\" style=\"table-layout: fixed; width: 100%;\">\n<tbody>\n<tr>\n<td align=\"left\" valign=\"top\" class=\"r20-i nl2go-default-textstyle\" style=\"color: #414141; font-family: Arial; font-size: 16px; line-height: 1.5; word-break: break-word; padding-top: 5px; text-align: left;\">\n<div>\n<p style=\"margin: 0;\"><span style=\"color: #e51a2f;\">Pour continuer \u00e0 suivre ce qui bouge sur le territoire, vous pouvez consulter notre site internet : <a href=\"https:\/\/gobmf.r.sp1-brevo.net\/mk\/cl\/f\/b2F8OoERGen5pF7CZn74_isBB_G193pw-e06gh-h9Qg-Npnvp5j6Q-T-VGVcoIZCXgr_f8xi5jz0RJR3xXuh44RVKkwbm2Gw35hTgOWcBwD_sEEeuPZhy8isrCmEicnMQAxpil0ZspD1hoVRU7Du5LE02m0DWfcqilUZsldKVmyIVjqpUMdFtt-wTlR_eZyb6zVGIA\" title=\"https:\/\/tourisme.ccvalguiers.fr\/\" target=\"_blank\" rel=\"noopener noreferrer\" style=\"text-decoration: underline; color: #e51a2f;\" sib_link_id=\"0\">tourisme.ccvalguiers.fr<\/a>.<\/span><\/p>\n<\/div>\n<\/td>\n<\/tr>\n<\/tbody>\n<\/table>\n<\/th>\n<\/tr>\n<\/tbody>\n<\/table>\n<\/td>\n<\/tr>\n<\/tbody>\n<\/table>\n<table cellspacing=\"0\" cellpadding=\"0\" border=\"0\" role=\"presentation\" width=\"100%\" align=\"center\" class=\"r0-o\" style=\"table-layout: fixed; width: 100%;\">\n<tbody>\n<tr>\n<td class=\"r16-i\" style=\"padding-bottom: 20px; padding-top: 40px;\">\n<table width=\"100%\" cellspacing=\"0\" cellpadding=\"0\" border=\"0\" role=\"presentation\">\n<tbody>\n<tr>\n<th width=\"100%\" valign=\"top\" class=\"r4-c\" style=\"font-weight: normal;\">\n<table cellspacing=\"0\" cellpadding=\"0\" border=\"0\" role=\"presentation\" width=\"100%\" align=\"left\" class=\"r17-o\" style=\"table-layout: fixed; width: 100%;\">\n<tbody>\n<tr>\n<td align=\"left\" valign=\"top\" class=\"r20-i nl2go-default-textstyle\" style=\"color: #414141; font-family: Arial; font-size: 16px; line-height: 1.5; word-break: break-word; padding-top: 5px; text-align: left;\">\n<div>\n<p style=\"margin: 0;\"><span style=\"color: #0c424a;\">Nous restons joignables par mail \u00e0 notre nouvelle adresse : <a href=\"mailto:tourisme@valguiers.fr\" style=\"text-decoration: underline; color: #0c424a;\">tourisme@valguiers.fr<\/a> ou <a data-fr-linked=\"true\" href=\"mailto:contact@repaire-mandrin.fr\" style=\"text-decoration: underline; color: #0c424a;\">contact@repaire-mandrin.fr<\/a>. Par t\u00e9l\u00e9phone au 04 76 31 63 16 du mardi au vendredi de 10h \u00e0 12h30 et de 14h \u00e0 18h.\u00a0<\/span><\/p>\n<p style=\"margin: 0;\"><span style=\"color: #0c424a;\">Pour joindre C\u00e9line, responsable du service tourisme, envoyez un mail \u00e0 <a href=\"mailto:celine.parent@valguiers.fr\" style=\"text-decoration: underline; color: #0c424a;\">celine.parent@valguiers.fr<\/a> ou au\u00a0<\/span><span data-olk-copy-source=\"MessageBody\" id=\"isPasted\" style=\"color: #0c424a;\">07 64 06 97 45.<\/span><\/p>\n<p style=\"margin: 0;\"><span data-olk-copy-source=\"MessageBody\" id=\"isPasted\" style=\"color: #0c424a;\">Pour V\u00e9ronique, charg\u00e9e de missions comptabilit\u00e9, administratif et visites de groupes, envoyez un mail \u00e0 <a href=\"mailto:veronique.lenski@valguiers.fr\" style=\"text-decoration: underline; color: #0c424a;\">veronique.lenski@valguiers.fr<\/a> ou au 04 76 31 63 16.<\/span><\/p>\n<p style=\"margin: 0;\"><span data-olk-copy-source=\"MessageBody\" id=\"isPasted\" style=\"color: #0c424a;\">Pour Lucille, charg\u00e9e de mission animations, \u00e9v\u00e8nementiel et communication, envoyez un mail \u00e0 <a href=\"mailto:lucille.maurel@ccvalguiers.fr\" style=\"text-decoration: underline; color: #0c424a;\">lucille.maurel@ccvalguiers.fr<\/a> ou au 07 64 16 27 20.<\/span><\/p>\n<\/div>\n<\/td>\n<\/tr>\n<\/tbody>\n<\/table>\n<\/th>\n<\/tr>\n<\/tbody>\n<\/table>\n<\/td>\n<\/tr>\n<\/tbody>\n<\/table>\n<table cellspacing=\"0\" cellpadding=\"0\" border=\"0\" role=\"presentation\" width=\"100%\" align=\"center\" class=\"r0-o\" style=\"table-layout: fixed; width: 100%;\">\n<tbody>\n<tr>\n<td class=\"r16-i\" style=\"padding-bottom: 20px; padding-top: 40px;\">\n<table width=\"100%\" cellspacing=\"0\" cellpadding=\"0\" border=\"0\" role=\"presentation\">\n<tbody>\n<tr>\n<th width=\"100%\" valign=\"top\" class=\"r4-c\" style=\"font-weight: normal;\">\n<table cellspacing=\"0\" cellpadding=\"0\" border=\"0\" role=\"presentation\" width=\"100%\" align=\"left\" class=\"r17-o\" style=\"table-layout: fixed; width: 100%;\">\n<tbody>\n<tr>\n<td align=\"left\" valign=\"top\" class=\"r20-i nl2go-default-textstyle\" style=\"color: #414141; font-family: Arial; font-size: 16px; line-height: 1.5; word-break: break-word; padding-top: 5px; text-align: left;\">\n<div>\n<p style=\"margin: 0;\"><span id=\"isPasted\" style=\"color: #0c424a;\">Nous nous retrouvons tr\u00e8s vite au mois de mars en accueil physique dans des locaux tout neufs !<\/span><\/p>\n<\/div>\n<\/td>\n<\/tr>\n<\/tbody>\n<\/table>\n<\/th>\n<\/tr>\n<\/tbody>\n<\/table>\n<\/td>\n<\/tr>\n<\/tbody>\n<\/table>\n<table cellspacing=\"0\" cellpadding=\"0\" border=\"0\" role=\"presentation\" width=\"100%\" align=\"center\" class=\"r0-o\" style=\"table-layout: fixed; width: 100%;\">\n<tbody>\n<tr>\n<td class=\"r21-i\" style=\"padding-bottom: 20px; padding-top: 20px;\">\n<table width=\"100%\" cellspacing=\"0\" cellpadding=\"0\" border=\"0\" role=\"presentation\">\n<tbody>\n<tr>\n<th width=\"100%\" valign=\"top\" class=\"r4-c\" style=\"font-weight: normal;\">\n<table cellspacing=\"0\" cellpadding=\"0\" border=\"0\" role=\"presentation\" width=\"100%\" class=\"r5-o\" style=\"table-layout: fixed; width: 100%;\">\n<tbody>\n<tr>\n<td valign=\"top\" class=\"r22-i\" style=\"padding-left: 15px; padding-right: 15px;\">\n<table width=\"100%\" cellspacing=\"0\" cellpadding=\"0\" border=\"0\" role=\"presentation\">\n<tbody>\n<tr>\n<td class=\"r2-c\" align=\"center\">\n<table cellspacing=\"0\" cellpadding=\"0\" border=\"0\" role=\"presentation\" width=\"200\" class=\"r0-o\" style=\"table-layout: fixed; width: 200px;\">\n<tbody>\n<tr>\n<td style=\"font-size: 0px; line-height: 0px;\"><img decoding=\"async\" src=\"https:\/\/img-cache.net\/im\/9468873\/40e7bb636e56669de856dbc55ff159916b2f76084a1b11c5021ce14c9d06c067.png?e=URJ8vo-1U_wviPD3axq2u50qyeATJX2qgDCMIqyteIYRcE6w3rTQtkimC7OP04D4yMBT5SFaRTsNWr0HbLFFdHfu3mo5p9Fia4oK7fCBbwCQGZSmkaqmx_sAp7L5Mn_T6ZLvE3El88l2DhSG351xWNSnobh3w2AVWJuXOTiNNVFTZoc1W7Y-F0krnnpZCKuaZ7swqcaF_PotCure5oLa_CMAGDHacg2FAlRBL-F-iiFfE0I\" width=\"200\" border=\"0\" style=\"display: block; width: 100%;\" sib_link_id=\"1\" \/><\/td>\n<\/tr>\n<\/tbody>\n<\/table>\n<\/td>\n<\/tr>\n<\/tbody>\n<\/table>\n<\/td>\n<\/tr>\n<\/tbody>\n<\/table>\n<\/th>\n<\/tr>\n<\/tbody>\n<\/table>\n<\/td>\n<\/tr>\n<\/tbody>\n<\/table>\n<p>[\/et_pb_text][\/et_pb_column][\/et_pb_row][\/et_pb_section]<\/p>\n","protected":false},"excerpt":{"rendered":"<p>Fermeture pour travaux L&rsquo;Office de tourisme et le Repaire Louis Mandrin sont ferm\u00e9s jusqu&rsquo;au d\u00e9but du mois de mars 2026\u00a0pour des travaux de r\u00e9fection.\u00a0 Pour continuer \u00e0 suivre ce qui bouge sur le territoire, vous pouvez consulter notre site internet : tourisme.ccvalguiers.fr. Nous restons joignables par mail \u00e0 notre nouvelle adresse : tourisme@valguiers.fr ou contact@repaire-mandrin.fr. [&hellip;]<\/p>\n","protected":false},"author":1,"featured_media":4758,"comment_status":"closed","ping_status":"closed","sticky":false,"template":"","format":"standard","meta":{"_et_pb_use_builder":"on","_et_pb_old_content":"","_et_gb_content_width":"1080","footnotes":""},"categories":[149,25,45],"tags":[50,51,108,127],"class_list":["post-4757","post","type-post","status-publish","format-standard","has-post-thumbnail","hentry","category-a-la-une","category-infospratiques","category-tourismeeteconomie","tag-accueil","tag-administratif","tag-mairie","tag-secretariat"],"yoast_head":"<!-- This site is optimized with the Yoast SEO plugin v27.5 - https:\/\/yoast.com\/product\/yoast-seo-wordpress\/ -->\n<title>Travaux \u00e0 l&#039;Office de tourisme | Avressieux<\/title>\n<meta name=\"description\" content=\"Travaux \u00e0 l&#039;Office de tourisme | Commune d&#039;Avressieux, en Savoie - 73240 - Actualit\u00e9s municipales, recrutement\" \/>\n<meta name=\"robots\" content=\"index, follow, max-snippet:-1, max-image-preview:large, max-video-preview:-1\" \/>\n<link rel=\"canonical\" href=\"https:\/\/www.avressieux.com\/mairie\/travaux-a-loffice-de-tourisme\/\" \/>\n<meta property=\"og:locale\" content=\"fr_FR\" \/>\n<meta property=\"og:type\" content=\"article\" \/>\n<meta property=\"og:title\" content=\"Travaux \u00e0 l&#039;Office de tourisme | Avressieux\" \/>\n<meta property=\"og:description\" content=\"Travaux \u00e0 l&#039;Office de tourisme | Commune d&#039;Avressieux, en Savoie - 73240 - Actualit\u00e9s municipales, recrutement\" \/>\n<meta property=\"og:url\" content=\"https:\/\/www.avressieux.com\/mairie\/travaux-a-loffice-de-tourisme\/\" \/>\n<meta property=\"og:site_name\" content=\"Avressieux\" \/>\n<meta property=\"article:publisher\" content=\"https:\/\/www.facebook.com\/Mairie-dAvressieux-104859844654359\/\" \/>\n<meta property=\"article:published_time\" content=\"2026-01-18T09:10:26+00:00\" \/>\n<meta property=\"article:modified_time\" content=\"2026-01-18T09:11:17+00:00\" \/>\n<meta property=\"og:image\" content=\"https:\/\/www.avressieux.com\/mairie\/wp-content\/uploads\/2026\/01\/6960d92f84f9e9132d114b37.jpg\" \/>\n\t<meta property=\"og:image:width\" content=\"1748\" \/>\n\t<meta property=\"og:image:height\" content=\"1240\" \/>\n\t<meta property=\"og:image:type\" content=\"image\/jpeg\" \/>\n<meta name=\"author\" content=\"Mairie Avressieux\" \/>\n<meta name=\"twitter:card\" content=\"summary_large_image\" \/>\n<meta name=\"twitter:label1\" content=\"\u00c9crit par\" \/>\n\t<meta name=\"twitter:data1\" content=\"Mairie Avressieux\" \/>\n\t<meta name=\"twitter:label2\" content=\"Dur\u00e9e de lecture estim\u00e9e\" \/>\n\t<meta name=\"twitter:data2\" content=\"1 minute\" \/>\n<script type=\"application\/ld+json\" class=\"yoast-schema-graph\">{\"@context\":\"https:\\\/\\\/schema.org\",\"@graph\":[{\"@type\":\"Article\",\"@id\":\"https:\\\/\\\/www.avressieux.com\\\/mairie\\\/travaux-a-loffice-de-tourisme\\\/#article\",\"isPartOf\":{\"@id\":\"https:\\\/\\\/www.avressieux.com\\\/mairie\\\/travaux-a-loffice-de-tourisme\\\/\"},\"author\":{\"name\":\"Mairie Avressieux\",\"@id\":\"https:\\\/\\\/www.avressieux.com\\\/mairie\\\/#\\\/schema\\\/person\\\/9f22688c8c9f239d3d5099d8f47ed9bc\"},\"headline\":\"Travaux \u00e0 l&rsquo;Office de tourisme\",\"datePublished\":\"2026-01-18T09:10:26+00:00\",\"dateModified\":\"2026-01-18T09:11:17+00:00\",\"mainEntityOfPage\":{\"@id\":\"https:\\\/\\\/www.avressieux.com\\\/mairie\\\/travaux-a-loffice-de-tourisme\\\/\"},\"wordCount\":277,\"publisher\":{\"@id\":\"https:\\\/\\\/www.avressieux.com\\\/mairie\\\/#organization\"},\"image\":{\"@id\":\"https:\\\/\\\/www.avressieux.com\\\/mairie\\\/travaux-a-loffice-de-tourisme\\\/#primaryimage\"},\"thumbnailUrl\":\"https:\\\/\\\/www.avressieux.com\\\/mairie\\\/wp-content\\\/uploads\\\/2026\\\/01\\\/6960d92f84f9e9132d114b37.jpg\",\"keywords\":[\"accueil\",\"administratif\",\"mairie\",\"secr\u00e9tariat\"],\"articleSection\":[\"\u00c0 la Une\",\"Infos pratiques\",\"Tourisme et \u00e9conomie\"],\"inLanguage\":\"fr-FR\"},{\"@type\":\"WebPage\",\"@id\":\"https:\\\/\\\/www.avressieux.com\\\/mairie\\\/travaux-a-loffice-de-tourisme\\\/\",\"url\":\"https:\\\/\\\/www.avressieux.com\\\/mairie\\\/travaux-a-loffice-de-tourisme\\\/\",\"name\":\"Travaux \u00e0 l'Office de tourisme | Avressieux\",\"isPartOf\":{\"@id\":\"https:\\\/\\\/www.avressieux.com\\\/mairie\\\/#website\"},\"primaryImageOfPage\":{\"@id\":\"https:\\\/\\\/www.avressieux.com\\\/mairie\\\/travaux-a-loffice-de-tourisme\\\/#primaryimage\"},\"image\":{\"@id\":\"https:\\\/\\\/www.avressieux.com\\\/mairie\\\/travaux-a-loffice-de-tourisme\\\/#primaryimage\"},\"thumbnailUrl\":\"https:\\\/\\\/www.avressieux.com\\\/mairie\\\/wp-content\\\/uploads\\\/2026\\\/01\\\/6960d92f84f9e9132d114b37.jpg\",\"datePublished\":\"2026-01-18T09:10:26+00:00\",\"dateModified\":\"2026-01-18T09:11:17+00:00\",\"description\":\"Travaux \u00e0 l'Office de tourisme | Commune d'Avressieux, en Savoie - 73240 - Actualit\u00e9s municipales, recrutement\",\"breadcrumb\":{\"@id\":\"https:\\\/\\\/www.avressieux.com\\\/mairie\\\/travaux-a-loffice-de-tourisme\\\/#breadcrumb\"},\"inLanguage\":\"fr-FR\",\"potentialAction\":[{\"@type\":\"ReadAction\",\"target\":[\"https:\\\/\\\/www.avressieux.com\\\/mairie\\\/travaux-a-loffice-de-tourisme\\\/\"]}]},{\"@type\":\"ImageObject\",\"inLanguage\":\"fr-FR\",\"@id\":\"https:\\\/\\\/www.avressieux.com\\\/mairie\\\/travaux-a-loffice-de-tourisme\\\/#primaryimage\",\"url\":\"https:\\\/\\\/www.avressieux.com\\\/mairie\\\/wp-content\\\/uploads\\\/2026\\\/01\\\/6960d92f84f9e9132d114b37.jpg\",\"contentUrl\":\"https:\\\/\\\/www.avressieux.com\\\/mairie\\\/wp-content\\\/uploads\\\/2026\\\/01\\\/6960d92f84f9e9132d114b37.jpg\",\"width\":1748,\"height\":1240},{\"@type\":\"BreadcrumbList\",\"@id\":\"https:\\\/\\\/www.avressieux.com\\\/mairie\\\/travaux-a-loffice-de-tourisme\\\/#breadcrumb\",\"itemListElement\":[{\"@type\":\"ListItem\",\"position\":1,\"name\":\"Accueil\",\"item\":\"https:\\\/\\\/www.avressieux.com\\\/mairie\\\/\"},{\"@type\":\"ListItem\",\"position\":2,\"name\":\"Travaux \u00e0 l&rsquo;Office de tourisme\"}]},{\"@type\":\"WebSite\",\"@id\":\"https:\\\/\\\/www.avressieux.com\\\/mairie\\\/#website\",\"url\":\"https:\\\/\\\/www.avressieux.com\\\/mairie\\\/\",\"name\":\"Avressieux\",\"description\":\"Site officiel de la commune\",\"publisher\":{\"@id\":\"https:\\\/\\\/www.avressieux.com\\\/mairie\\\/#organization\"},\"potentialAction\":[{\"@type\":\"SearchAction\",\"target\":{\"@type\":\"EntryPoint\",\"urlTemplate\":\"https:\\\/\\\/www.avressieux.com\\\/mairie\\\/?s={search_term_string}\"},\"query-input\":{\"@type\":\"PropertyValueSpecification\",\"valueRequired\":true,\"valueName\":\"search_term_string\"}}],\"inLanguage\":\"fr-FR\"},{\"@type\":\"Organization\",\"@id\":\"https:\\\/\\\/www.avressieux.com\\\/mairie\\\/#organization\",\"name\":\"Commune d'Avressieux\",\"url\":\"https:\\\/\\\/www.avressieux.com\\\/mairie\\\/\",\"logo\":{\"@type\":\"ImageObject\",\"inLanguage\":\"fr-FR\",\"@id\":\"https:\\\/\\\/www.avressieux.com\\\/mairie\\\/#\\\/schema\\\/logo\\\/image\\\/\",\"url\":\"https:\\\/\\\/www.avressieux.com\\\/mairie\\\/wp-content\\\/uploads\\\/2020\\\/08\\\/favicon.jpg\",\"contentUrl\":\"https:\\\/\\\/www.avressieux.com\\\/mairie\\\/wp-content\\\/uploads\\\/2020\\\/08\\\/favicon.jpg\",\"width\":512,\"height\":512,\"caption\":\"Commune d'Avressieux\"},\"image\":{\"@id\":\"https:\\\/\\\/www.avressieux.com\\\/mairie\\\/#\\\/schema\\\/logo\\\/image\\\/\"},\"sameAs\":[\"https:\\\/\\\/www.facebook.com\\\/Mairie-dAvressieux-104859844654359\\\/\"]},{\"@type\":\"Person\",\"@id\":\"https:\\\/\\\/www.avressieux.com\\\/mairie\\\/#\\\/schema\\\/person\\\/9f22688c8c9f239d3d5099d8f47ed9bc\",\"name\":\"Mairie Avressieux\",\"image\":{\"@type\":\"ImageObject\",\"inLanguage\":\"fr-FR\",\"@id\":\"https:\\\/\\\/secure.gravatar.com\\\/avatar\\\/f979a8c5245a726ff2cfde2b718b3b9614faeaa1c305f48ed6a3413eb5691b5b?s=96&d=mm&r=g\",\"url\":\"https:\\\/\\\/secure.gravatar.com\\\/avatar\\\/f979a8c5245a726ff2cfde2b718b3b9614faeaa1c305f48ed6a3413eb5691b5b?s=96&d=mm&r=g\",\"contentUrl\":\"https:\\\/\\\/secure.gravatar.com\\\/avatar\\\/f979a8c5245a726ff2cfde2b718b3b9614faeaa1c305f48ed6a3413eb5691b5b?s=96&d=mm&r=g\",\"caption\":\"Mairie Avressieux\"}}]}<\/script>\n<!-- \/ Yoast SEO plugin. -->","yoast_head_json":{"title":"Travaux \u00e0 l'Office de tourisme | Avressieux","description":"Travaux \u00e0 l'Office de tourisme | Commune d'Avressieux, en Savoie - 73240 - Actualit\u00e9s municipales, recrutement","robots":{"index":"index","follow":"follow","max-snippet":"max-snippet:-1","max-image-preview":"max-image-preview:large","max-video-preview":"max-video-preview:-1"},"canonical":"https:\/\/www.avressieux.com\/mairie\/travaux-a-loffice-de-tourisme\/","og_locale":"fr_FR","og_type":"article","og_title":"Travaux \u00e0 l'Office de tourisme | Avressieux","og_description":"Travaux \u00e0 l'Office de tourisme | Commune d'Avressieux, en Savoie - 73240 - Actualit\u00e9s municipales, recrutement","og_url":"https:\/\/www.avressieux.com\/mairie\/travaux-a-loffice-de-tourisme\/","og_site_name":"Avressieux","article_publisher":"https:\/\/www.facebook.com\/Mairie-dAvressieux-104859844654359\/","article_published_time":"2026-01-18T09:10:26+00:00","article_modified_time":"2026-01-18T09:11:17+00:00","og_image":[{"width":1748,"height":1240,"url":"https:\/\/www.avressieux.com\/mairie\/wp-content\/uploads\/2026\/01\/6960d92f84f9e9132d114b37.jpg","type":"image\/jpeg"}],"author":"Mairie Avressieux","twitter_card":"summary_large_image","twitter_misc":{"\u00c9crit par":"Mairie Avressieux","Dur\u00e9e de lecture estim\u00e9e":"1 minute"},"schema":{"@context":"https:\/\/schema.org","@graph":[{"@type":"Article","@id":"https:\/\/www.avressieux.com\/mairie\/travaux-a-loffice-de-tourisme\/#article","isPartOf":{"@id":"https:\/\/www.avressieux.com\/mairie\/travaux-a-loffice-de-tourisme\/"},"author":{"name":"Mairie Avressieux","@id":"https:\/\/www.avressieux.com\/mairie\/#\/schema\/person\/9f22688c8c9f239d3d5099d8f47ed9bc"},"headline":"Travaux \u00e0 l&rsquo;Office de tourisme","datePublished":"2026-01-18T09:10:26+00:00","dateModified":"2026-01-18T09:11:17+00:00","mainEntityOfPage":{"@id":"https:\/\/www.avressieux.com\/mairie\/travaux-a-loffice-de-tourisme\/"},"wordCount":277,"publisher":{"@id":"https:\/\/www.avressieux.com\/mairie\/#organization"},"image":{"@id":"https:\/\/www.avressieux.com\/mairie\/travaux-a-loffice-de-tourisme\/#primaryimage"},"thumbnailUrl":"https:\/\/www.avressieux.com\/mairie\/wp-content\/uploads\/2026\/01\/6960d92f84f9e9132d114b37.jpg","keywords":["accueil","administratif","mairie","secr\u00e9tariat"],"articleSection":["\u00c0 la Une","Infos pratiques","Tourisme et \u00e9conomie"],"inLanguage":"fr-FR"},{"@type":"WebPage","@id":"https:\/\/www.avressieux.com\/mairie\/travaux-a-loffice-de-tourisme\/","url":"https:\/\/www.avressieux.com\/mairie\/travaux-a-loffice-de-tourisme\/","name":"Travaux \u00e0 l'Office de tourisme | Avressieux","isPartOf":{"@id":"https:\/\/www.avressieux.com\/mairie\/#website"},"primaryImageOfPage":{"@id":"https:\/\/www.avressieux.com\/mairie\/travaux-a-loffice-de-tourisme\/#primaryimage"},"image":{"@id":"https:\/\/www.avressieux.com\/mairie\/travaux-a-loffice-de-tourisme\/#primaryimage"},"thumbnailUrl":"https:\/\/www.avressieux.com\/mairie\/wp-content\/uploads\/2026\/01\/6960d92f84f9e9132d114b37.jpg","datePublished":"2026-01-18T09:10:26+00:00","dateModified":"2026-01-18T09:11:17+00:00","description":"Travaux \u00e0 l'Office de tourisme | Commune d'Avressieux, en Savoie - 73240 - Actualit\u00e9s municipales, recrutement","breadcrumb":{"@id":"https:\/\/www.avressieux.com\/mairie\/travaux-a-loffice-de-tourisme\/#breadcrumb"},"inLanguage":"fr-FR","potentialAction":[{"@type":"ReadAction","target":["https:\/\/www.avressieux.com\/mairie\/travaux-a-loffice-de-tourisme\/"]}]},{"@type":"ImageObject","inLanguage":"fr-FR","@id":"https:\/\/www.avressieux.com\/mairie\/travaux-a-loffice-de-tourisme\/#primaryimage","url":"https:\/\/www.avressieux.com\/mairie\/wp-content\/uploads\/2026\/01\/6960d92f84f9e9132d114b37.jpg","contentUrl":"https:\/\/www.avressieux.com\/mairie\/wp-content\/uploads\/2026\/01\/6960d92f84f9e9132d114b37.jpg","width":1748,"height":1240},{"@type":"BreadcrumbList","@id":"https:\/\/www.avressieux.com\/mairie\/travaux-a-loffice-de-tourisme\/#breadcrumb","itemListElement":[{"@type":"ListItem","position":1,"name":"Accueil","item":"https:\/\/www.avressieux.com\/mairie\/"},{"@type":"ListItem","position":2,"name":"Travaux \u00e0 l&rsquo;Office de tourisme"}]},{"@type":"WebSite","@id":"https:\/\/www.avressieux.com\/mairie\/#website","url":"https:\/\/www.avressieux.com\/mairie\/","name":"Avressieux","description":"Site officiel de la commune","publisher":{"@id":"https:\/\/www.avressieux.com\/mairie\/#organization"},"potentialAction":[{"@type":"SearchAction","target":{"@type":"EntryPoint","urlTemplate":"https:\/\/www.avressieux.com\/mairie\/?s={search_term_string}"},"query-input":{"@type":"PropertyValueSpecification","valueRequired":true,"valueName":"search_term_string"}}],"inLanguage":"fr-FR"},{"@type":"Organization","@id":"https:\/\/www.avressieux.com\/mairie\/#organization","name":"Commune d'Avressieux","url":"https:\/\/www.avressieux.com\/mairie\/","logo":{"@type":"ImageObject","inLanguage":"fr-FR","@id":"https:\/\/www.avressieux.com\/mairie\/#\/schema\/logo\/image\/","url":"https:\/\/www.avressieux.com\/mairie\/wp-content\/uploads\/2020\/08\/favicon.jpg","contentUrl":"https:\/\/www.avressieux.com\/mairie\/wp-content\/uploads\/2020\/08\/favicon.jpg","width":512,"height":512,"caption":"Commune d'Avressieux"},"image":{"@id":"https:\/\/www.avressieux.com\/mairie\/#\/schema\/logo\/image\/"},"sameAs":["https:\/\/www.facebook.com\/Mairie-dAvressieux-104859844654359\/"]},{"@type":"Person","@id":"https:\/\/www.avressieux.com\/mairie\/#\/schema\/person\/9f22688c8c9f239d3d5099d8f47ed9bc","name":"Mairie Avressieux","image":{"@type":"ImageObject","inLanguage":"fr-FR","@id":"https:\/\/secure.gravatar.com\/avatar\/f979a8c5245a726ff2cfde2b718b3b9614faeaa1c305f48ed6a3413eb5691b5b?s=96&d=mm&r=g","url":"https:\/\/secure.gravatar.com\/avatar\/f979a8c5245a726ff2cfde2b718b3b9614faeaa1c305f48ed6a3413eb5691b5b?s=96&d=mm&r=g","contentUrl":"https:\/\/secure.gravatar.com\/avatar\/f979a8c5245a726ff2cfde2b718b3b9614faeaa1c305f48ed6a3413eb5691b5b?s=96&d=mm&r=g","caption":"Mairie Avressieux"}}]}},"publishpress_future_action":{"enabled":false,"date":"2026-05-07 10:38:03","action":"change-status","newStatus":"draft","terms":[],"taxonomy":"category","extraData":[]},"publishpress_future_workflow_manual_trigger":{"enabledWorkflows":[]},"_links":{"self":[{"href":"https:\/\/www.avressieux.com\/mairie\/wp-json\/wp\/v2\/posts\/4757","targetHints":{"allow":["GET"]}}],"collection":[{"href":"https:\/\/www.avressieux.com\/mairie\/wp-json\/wp\/v2\/posts"}],"about":[{"href":"https:\/\/www.avressieux.com\/mairie\/wp-json\/wp\/v2\/types\/post"}],"author":[{"embeddable":true,"href":"https:\/\/www.avressieux.com\/mairie\/wp-json\/wp\/v2\/users\/1"}],"replies":[{"embeddable":true,"href":"https:\/\/www.avressieux.com\/mairie\/wp-json\/wp\/v2\/comments?post=4757"}],"version-history":[{"count":3,"href":"https:\/\/www.avressieux.com\/mairie\/wp-json\/wp\/v2\/posts\/4757\/revisions"}],"predecessor-version":[{"id":4761,"href":"https:\/\/www.avressieux.com\/mairie\/wp-json\/wp\/v2\/posts\/4757\/revisions\/4761"}],"wp:featuredmedia":[{"embeddable":true,"href":"https:\/\/www.avressieux.com\/mairie\/wp-json\/wp\/v2\/media\/4758"}],"wp:attachment":[{"href":"https:\/\/www.avressieux.com\/mairie\/wp-json\/wp\/v2\/media?parent=4757"}],"wp:term":[{"taxonomy":"category","embeddable":true,"href":"https:\/\/www.avressieux.com\/mairie\/wp-json\/wp\/v2\/categories?post=4757"},{"taxonomy":"post_tag","embeddable":true,"href":"https:\/\/www.avressieux.com\/mairie\/wp-json\/wp\/v2\/tags?post=4757"}],"curies":[{"name":"wp","href":"https:\/\/api.w.org\/{rel}","templated":true}]}}