{"id":4510,"date":"2025-01-06T22:48:00","date_gmt":"2025-01-06T21:48:00","guid":{"rendered":"https:\/\/www.avressieux.com\/mairie\/?p=4510"},"modified":"2025-01-18T22:54:38","modified_gmt":"2025-01-18T21:54:38","slug":"recensement-2025","status":"publish","type":"post","link":"https:\/\/www.avressieux.com\/mairie\/recensement-2025\/","title":{"rendered":"RECENSEMENT 2025"},"content":{"rendered":"\n[et_pb_section fb_built=\u00a0\u00bb1&Prime; _builder_version=\u00a0\u00bb4.16&Prime; _module_preset=\u00a0\u00bbdefault\u00a0\u00bb custom_margin=\u00a0\u00bb0px||||false|false\u00a0\u00bb custom_padding=\u00a0\u00bb0px||||false|false\u00a0\u00bb global_colors_info=\u00a0\u00bb{}\u00a0\u00bb theme_builder_area=\u00a0\u00bbpost_content\u00a0\u00bb][et_pb_row make_equal=\u00a0\u00bbon\u00a0\u00bb _builder_version=\u00a0\u00bb4.16&Prime; _module_preset=\u00a0\u00bbdefault\u00a0\u00bb width=\u00a0\u00bb96%\u00a0\u00bb width_tablet=\u00a0\u00bb95%\u00a0\u00bb width_phone=\u00a0\u00bb\u00a0\u00bb width_last_edited=\u00a0\u00bbon|phone\u00a0\u00bb module_alignment=\u00a0\u00bbcenter\u00a0\u00bb custom_margin=\u00a0\u00bb||||false|false\u00a0\u00bb custom_padding=\u00a0\u00bb||||false|false\u00a0\u00bb global_colors_info=\u00a0\u00bb{}\u00a0\u00bb theme_builder_area=\u00a0\u00bbpost_content\u00a0\u00bb][et_pb_column type=\u00a0\u00bb4_4&Prime; _builder_version=\u00a0\u00bb4.16&Prime; _module_preset=\u00a0\u00bbdefault\u00a0\u00bb global_colors_info=\u00a0\u00bb{}\u00a0\u00bb theme_builder_area=\u00a0\u00bbpost_content\u00a0\u00bb][et_pb_text _builder_version=\u00a0\u00bb4.27.0&Prime; _module_preset=\u00a0\u00bbdefault\u00a0\u00bb global_colors_info=\u00a0\u00bb{}\u00a0\u00bb theme_builder_area=\u00a0\u00bbpost_content\u00a0\u00bb][\/et_pb_text][\/et_pb_column][\/et_pb_row][et_pb_row _builder_version=\u00a0\u00bb4.27.4&Prime; _module_preset=\u00a0\u00bbdefault\u00a0\u00bb theme_builder_area=\u00a0\u00bbpost_content\u00a0\u00bb][et_pb_column _builder_version=\u00a0\u00bb4.27.4&Prime; _module_preset=\u00a0\u00bbdefault\u00a0\u00bb type=\u00a0\u00bb4_4&Prime; theme_builder_area=\u00a0\u00bbpost_content\u00a0\u00bb][et_pb_text _builder_version=\u00a0\u00bb4.27.4&Prime; _module_preset=\u00a0\u00bbdefault\u00a0\u00bb theme_builder_area=\u00a0\u00bbpost_content\u00a0\u00bb hover_enabled=\u00a0\u00bb0&Prime; sticky_enabled=\u00a0\u00bb0&Prime;]<p><span class=\"x193iq5w xeuugli x13faqbe x1vvkbs x1xmvt09 x1lliihq x1s928wv xhkezso x1gmr53x x1cpjm7i x1fgarty x1943h6x xudqn12 x3x7a5m x6prxxf xvq8zen xo1l8bm xzsf02u\" dir=\"auto\">Cette ann\u00e9e, Avressieux r\u00e9alise le recensement de sa population pour mieux conna\u00eetre son \u00e9volution, ses besoins et ainsi d\u00e9velopper de petits et grands projets pour y r\u00e9pondre. L\u2019ensemble des logements et des habitants seront recens\u00e9s \u00e0 partir du 16 Janvier 2025.<br class=\"html-br\" \/>Comment \u00e7a se passe ?<br class=\"html-br\" \/><br class=\"html-br\" \/>Une lettre du maire sera d\u00e9pos\u00e9e dans votre bo\u00eete aux lettres pour vous informer de l\u2019op\u00e9ration. Puis, un agent recenseur, recrut\u00e9 par la commune, vous fournira une notice internet, soit dans votre bo\u00eete aux lettres, soit en mains propres. Suivez simplement les instructions qui y sont indiqu\u00e9es pour vous recenser en ligne. Ce document est indispensable, gardez-le pr\u00e9cieusement.<br class=\"html-br\" \/><br class=\"html-br\" \/>Se recenser en ligne est plus simple et plus rapide pour vous, et \u00e9galement plus \u00e9conomique pour la commune. Moins de formulaires imprim\u00e9s est aussi plus responsable pour l\u2019environnement.<br class=\"html-br\" \/>Si vous ne pouvez pas r\u00e9pondre en ligne, des questionnaires papier pourront vous \u00eatre remis par l\u2019agent recenseur \u00e0 votre demande<br class=\"html-br\" \/><br class=\"html-br\" \/>Pourquoi \u00eates-vous recens\u00e9s ?<br class=\"html-br\" \/><br class=\"html-br\" \/>Le recensement de la population permet de savoir combien de personnes vivent en France et d\u2019\u00e9tablir la population officielle de chaque commune. Le recensement fournit \u00e9galement des statistiques sur la population : \u00e2ge, profession, moyens de transport utilis\u00e9s, et sur les logements, etc\u2026..<br class=\"html-br\" \/><br class=\"html-br\" \/>Les r\u00e9sultats du recensement de la population sont essentiels pour la vie de la commune. Ils permettent de :<br class=\"html-br\" \/><br class=\"html-br\" \/>&#8211; D\u00e9terminer la participation de l\u2019\u00c9tat au budget de notre commune : plus la commune est peupl\u00e9e, plus cette dotation est importante ! R\u00e9pondre au recensement, c\u2019est donc permettre \u00e0 la commune de disposer des ressources financi\u00e8res n\u00e9cessaires \u00e0 son fonctionnement.<br class=\"html-br\" \/><br class=\"html-br\" \/>&#8211; D\u00e9finir le nombre d\u2019\u00e9lus au conseil municipal, le mode de scrutin etc\u2026.<br class=\"html-br\" \/><br class=\"html-br\" \/>&#8211; Identifier les besoins notamment en termes d\u2019\u00e9quipements publics collectifs (transports, \u00e9coles, maisons de retraite, structures sportives, etc.), de commerces et de logements.<br class=\"html-br\" \/><br class=\"html-br\" \/>Pour toute information concernant le recensement dans notre commune, veuillez contacter : 04 76 37 05 09<br class=\"html-br\" \/><br class=\"html-br\" \/>Pour en savoir plus sur le recensement de la population, rendez-vous sur le site<br class=\"html-br\" \/><span class=\"html-span xdj266r x11i5rnm xat24cr x1mh8g0r xexx8yu x4uap5 x18d9i69 xkhd6sd x1hl2dhg x16tdsg8 x1vvkbs\"><a attributionsrc=\"\/privacy_sandbox\/comet\/register\/source\/?xt=AZXhsUd5u1LR8qphUb1WCqrhIFzKULrBEJkn2b0uLT2jXzfhntnyDSSgdqhfvg1LdE1nUJC2ca5qlAHLB0xqPJqtkpLLmAh6TLYAJDZ086rN530U7oGn4lL4wtxEuoGidDnPIvUcogZWc1cuhzqJzAOdp4TtlNaWufHnx2JjAovQsmJ_BG8pSbFoDN5MLToRTG0MkmlsdI3OaMTnxfOL2ebqsu7mRlBqdwUKDXeBAA-c1QiJrH7302g1I3iAejOg4Y1gosBaOoKowRZb3Xb_UeaGs92zJoRgkrS9N5tu8KMcZB2LZApd54jqF07qrHYw8mvq7vT42neiPZuMy9I1WUH7YTtyZmBQowtmPxjHKmO1M9Y22v2a6MORzZImH8HWD9b4akSB17ThpLbrD5eiiqSBl1mO_1MaJPxsrX64SB9Vlcu8I0iGyyXr3LYhZaIlws1DRdO1t9tJFhnItl-2SaFr3986AEckuG7b_g9nhBNYjWy_ZVsaPySSXE9feppu1ZJCGMeC-RiSZI9fwYil-ucFOhFy49v9BoDqLyTopLNrtRjTBqfVVW1AxCnGQv1BzTuzw2hGfXGl6Nh-V3IMo5kVVvmUmXx76_9UvEM2Gf5HuJckf3yLHWjC1TGSFirSoTSPojQkQdkNHBaT2TOXFpyKo5W-aRS9hlO8wFzBvWLKAendUeLCYY3YbCknKbs2GvgYg-CEFShZ5IMwKfTS1uy9-ntkeblvpAPWecJ0P8gxuwGP46wO6vPeBlKY9jufM4M00WUOmOwXxSGdaAsKgYfnwlrExdJBswGgK1u8dvRQrQYHKXf4GUA3UL4KaaXuKaYA9NvjLnMoNLuajYyzL8tL1HH2l1bvjwwBcuUA_9xbdbJEmzK6MdJhZk5OKfheGj6k4JqwdRUpeuWgYbW8_j4daYkF7AblLFCKRPzmL5p1Qmytyd0vp-t3BB34Cn2EP3OL_Me5zGnoMI6ijg3InK4XIqO080K-d4JrWmiGWNOtNmu46XRGpa7WR_TaU0LPiaZR3LcDt1BzsG9n6Ijo9_Ll3AC1XyxPTQwWoof-XzwpBthHKBQf3dx0mGlBuAIzbiEyEgPbt1fWdTCAAc72PLcB7Y34LMrd-znfVdAhaDRxUCxhO1qjQBXyIXAMelP5sBOMzOT8pzlCokD3Md2ahurDjspeA-5efOjO4Y3OYa4Q6J4qFJQFGzHlS12jyjPDrwN0I5z0OdP9LYeE3w4wqBieFi_mUYP4ehaGkhDX6lwhUYxzz62npn2dGD7lxgQhH-jS4VAaRIyRCOuohz7q_j9CqClOrl7eu_yUHfZLYoZ3C6AOur0M3bKP2anc6r0giXgs_YSJDYXVE1-xGlZl07Ar\" class=\"x1i10hfl xjbqb8w x1ejq31n xd10rxx x1sy0etr x17r0tee x972fbf xcfux6l x1qhh985 xm0m39n x9f619 x1ypdohk xt0psk2 xe8uvvx xdj266r x11i5rnm xat24cr x1mh8g0r xexx8yu x4uap5 x18d9i69 xkhd6sd x16tdsg8 x1hl2dhg xggy1nq x1a2a7pz x1sur9pj xkrqix3 x1fey0fg x1s688f\" href=\"https:\/\/le-recensement-et-moi.fr\/?fbclid=IwZXh0bgNhZW0CMTAAAR1yAwmf30AX7DumwcjH79CPFRyeP4q3BeumkLV91XujK7ekxCMaHDeMH7A_aem_YPwVJ9bj1OP6HNdACGwo2w\" rel=\"nofollow noopener noreferrer\" role=\"link\" target=\"_blank\" tabindex=\"0\">https:\/\/le-recensement-et-moi.fr<\/a><\/span><\/span><\/p>\n<div class=\"x1i10hfl xjbqb8w x1ejq31n xd10rxx x1sy0etr x17r0tee x972fbf xcfux6l x1qhh985 xm0m39n x9f619 x1ypdohk xt0psk2 xe8uvvx xdj266r x11i5rnm xat24cr x1mh8g0r xexx8yu x4uap5 x18d9i69 xkhd6sd x16tdsg8 x1hl2dhg xggy1nq x1a2a7pz x1sur9pj xkrqix3 xzsf02u x1s688f\" role=\"button\" tabindex=\"0\"><\/div>\n<p><span class=\"x193iq5w xeuugli x13faqbe x1vvkbs x1xmvt09 x1lliihq x1s928wv xhkezso x1gmr53x x1cpjm7i x1fgarty x1943h6x xudqn12 x3x7a5m x6prxxf xvq8zen xo1l8bm xzsf02u\" dir=\"auto\">\u00a0<\/span><\/p>[\/et_pb_text][\/et_pb_column][\/et_pb_row][et_pb_row _builder_version=\u00a0\u00bb4.22.1&Prime; _module_preset=\u00a0\u00bbdefault\u00a0\u00bb hover_enabled=\u00a0\u00bb0&Prime; global_colors_info=\u00a0\u00bb{}\u00a0\u00bb theme_builder_area=\u00a0\u00bbpost_content\u00a0\u00bb sticky_enabled=\u00a0\u00bb0&Prime;][et_pb_column type=\u00a0\u00bb4_4&Prime; _builder_version=\u00a0\u00bb4.22.1&Prime; _module_preset=\u00a0\u00bbdefault\u00a0\u00bb global_colors_info=\u00a0\u00bb{}\u00a0\u00bb theme_builder_area=\u00a0\u00bbpost_content\u00a0\u00bb][et_pb_image src=\u00a0\u00bbhttps:\/\/www.avressieux.com\/mairie\/wp-content\/uploads\/2025\/01\/472621542_1009505324551738_6334698337472834545_n.jpg\u00a0\u00bb _builder_version=\u00a0\u00bb4.27.4&Prime; _module_preset=\u00a0\u00bbdefault\u00a0\u00bb theme_builder_area=\u00a0\u00bbpost_content\u00a0\u00bb title_text=\u00a0\u00bb472621542_1009505324551738_6334698337472834545_n\u00a0\u00bb hover_enabled=\u00a0\u00bb0&Prime; sticky_enabled=\u00a0\u00bb0&Prime;][\/et_pb_image][\/et_pb_column][\/et_pb_row][\/et_pb_section]\n","protected":false},"excerpt":{"rendered":"<p>Cette ann\u00e9e, Avressieux r\u00e9alise le recensement de sa population pour mieux conna\u00eetre son \u00e9volution, ses besoins et ainsi d\u00e9velopper de petits et grands projets pour y r\u00e9pondre. L\u2019ensemble des logements et des habitants seront recens\u00e9s \u00e0 partir du 16 Janvier 2025.Comment \u00e7a se passe ?Une lettre du maire sera d\u00e9pos\u00e9e dans votre bo\u00eete aux lettres [&hellip;]<\/p>\n","protected":false},"author":1,"featured_media":4511,"comment_status":"closed","ping_status":"closed","sticky":false,"template":"","format":"standard","meta":{"_et_pb_use_builder":"on","_et_pb_old_content":"","_et_gb_content_width":"1080","footnotes":""},"categories":[149,18],"tags":[50],"class_list":["post-4510","post","type-post","status-publish","format-standard","has-post-thumbnail","hentry","category-a-la-une","category-demarchesadministratives","tag-accueil"],"yoast_head":"<!-- This site is optimized with the Yoast SEO plugin v27.5 - https:\/\/yoast.com\/product\/yoast-seo-wordpress\/ -->\n<title>RECENSEMENT 2025 | Avressieux<\/title>\n<meta name=\"description\" content=\"RECENSEMENT 2025 | Commune d&#039;Avressieux, en Savoie - 73240 - Actualit\u00e9s municipales, recrutement\" \/>\n<meta name=\"robots\" content=\"index, follow, max-snippet:-1, max-image-preview:large, max-video-preview:-1\" \/>\n<link rel=\"canonical\" href=\"https:\/\/www.avressieux.com\/mairie\/recensement-2025\/\" \/>\n<meta property=\"og:locale\" content=\"fr_FR\" \/>\n<meta property=\"og:type\" content=\"article\" \/>\n<meta property=\"og:title\" content=\"RECENSEMENT 2025 | Avressieux\" \/>\n<meta property=\"og:description\" content=\"RECENSEMENT 2025 | Commune d&#039;Avressieux, en Savoie - 73240 - Actualit\u00e9s municipales, recrutement\" \/>\n<meta property=\"og:url\" content=\"https:\/\/www.avressieux.com\/mairie\/recensement-2025\/\" \/>\n<meta property=\"og:site_name\" content=\"Avressieux\" \/>\n<meta property=\"article:publisher\" content=\"https:\/\/www.facebook.com\/Mairie-dAvressieux-104859844654359\/\" \/>\n<meta property=\"article:published_time\" content=\"2025-01-06T21:48:00+00:00\" \/>\n<meta property=\"article:modified_time\" content=\"2025-01-18T21:54:38+00:00\" \/>\n<meta property=\"og:image\" content=\"https:\/\/www.avressieux.com\/mairie\/wp-content\/uploads\/2025\/01\/472621542_1009505324551738_6334698337472834545_n.jpg\" \/>\n\t<meta property=\"og:image:width\" content=\"1449\" \/>\n\t<meta property=\"og:image:height\" content=\"2048\" \/>\n\t<meta property=\"og:image:type\" content=\"image\/jpeg\" \/>\n<meta name=\"author\" content=\"Mairie Avressieux\" \/>\n<meta name=\"twitter:card\" content=\"summary_large_image\" \/>\n<meta name=\"twitter:label1\" content=\"\u00c9crit par\" \/>\n\t<meta name=\"twitter:data1\" content=\"Mairie Avressieux\" \/>\n\t<meta name=\"twitter:label2\" content=\"Dur\u00e9e de lecture estim\u00e9e\" \/>\n\t<meta name=\"twitter:data2\" content=\"3 minutes\" \/>\n<script type=\"application\/ld+json\" class=\"yoast-schema-graph\">{\"@context\":\"https:\\\/\\\/schema.org\",\"@graph\":[{\"@type\":\"Article\",\"@id\":\"https:\\\/\\\/www.avressieux.com\\\/mairie\\\/recensement-2025\\\/#article\",\"isPartOf\":{\"@id\":\"https:\\\/\\\/www.avressieux.com\\\/mairie\\\/recensement-2025\\\/\"},\"author\":{\"name\":\"Mairie Avressieux\",\"@id\":\"https:\\\/\\\/www.avressieux.com\\\/mairie\\\/#\\\/schema\\\/person\\\/9f22688c8c9f239d3d5099d8f47ed9bc\"},\"headline\":\"RECENSEMENT 2025\",\"datePublished\":\"2025-01-06T21:48:00+00:00\",\"dateModified\":\"2025-01-18T21:54:38+00:00\",\"mainEntityOfPage\":{\"@id\":\"https:\\\/\\\/www.avressieux.com\\\/mairie\\\/recensement-2025\\\/\"},\"wordCount\":589,\"publisher\":{\"@id\":\"https:\\\/\\\/www.avressieux.com\\\/mairie\\\/#organization\"},\"image\":{\"@id\":\"https:\\\/\\\/www.avressieux.com\\\/mairie\\\/recensement-2025\\\/#primaryimage\"},\"thumbnailUrl\":\"https:\\\/\\\/www.avressieux.com\\\/mairie\\\/wp-content\\\/uploads\\\/2025\\\/01\\\/472621542_1009505324551738_6334698337472834545_n.jpg\",\"keywords\":[\"accueil\"],\"articleSection\":[\"\u00c0 la Une\",\"D\u00e9marches administratives\"],\"inLanguage\":\"fr-FR\"},{\"@type\":\"WebPage\",\"@id\":\"https:\\\/\\\/www.avressieux.com\\\/mairie\\\/recensement-2025\\\/\",\"url\":\"https:\\\/\\\/www.avressieux.com\\\/mairie\\\/recensement-2025\\\/\",\"name\":\"RECENSEMENT 2025 | Avressieux\",\"isPartOf\":{\"@id\":\"https:\\\/\\\/www.avressieux.com\\\/mairie\\\/#website\"},\"primaryImageOfPage\":{\"@id\":\"https:\\\/\\\/www.avressieux.com\\\/mairie\\\/recensement-2025\\\/#primaryimage\"},\"image\":{\"@id\":\"https:\\\/\\\/www.avressieux.com\\\/mairie\\\/recensement-2025\\\/#primaryimage\"},\"thumbnailUrl\":\"https:\\\/\\\/www.avressieux.com\\\/mairie\\\/wp-content\\\/uploads\\\/2025\\\/01\\\/472621542_1009505324551738_6334698337472834545_n.jpg\",\"datePublished\":\"2025-01-06T21:48:00+00:00\",\"dateModified\":\"2025-01-18T21:54:38+00:00\",\"description\":\"RECENSEMENT 2025 | Commune d'Avressieux, en Savoie - 73240 - Actualit\u00e9s municipales, recrutement\",\"breadcrumb\":{\"@id\":\"https:\\\/\\\/www.avressieux.com\\\/mairie\\\/recensement-2025\\\/#breadcrumb\"},\"inLanguage\":\"fr-FR\",\"potentialAction\":[{\"@type\":\"ReadAction\",\"target\":[\"https:\\\/\\\/www.avressieux.com\\\/mairie\\\/recensement-2025\\\/\"]}]},{\"@type\":\"ImageObject\",\"inLanguage\":\"fr-FR\",\"@id\":\"https:\\\/\\\/www.avressieux.com\\\/mairie\\\/recensement-2025\\\/#primaryimage\",\"url\":\"https:\\\/\\\/www.avressieux.com\\\/mairie\\\/wp-content\\\/uploads\\\/2025\\\/01\\\/472621542_1009505324551738_6334698337472834545_n.jpg\",\"contentUrl\":\"https:\\\/\\\/www.avressieux.com\\\/mairie\\\/wp-content\\\/uploads\\\/2025\\\/01\\\/472621542_1009505324551738_6334698337472834545_n.jpg\",\"width\":1449,\"height\":2048},{\"@type\":\"BreadcrumbList\",\"@id\":\"https:\\\/\\\/www.avressieux.com\\\/mairie\\\/recensement-2025\\\/#breadcrumb\",\"itemListElement\":[{\"@type\":\"ListItem\",\"position\":1,\"name\":\"Accueil\",\"item\":\"https:\\\/\\\/www.avressieux.com\\\/mairie\\\/\"},{\"@type\":\"ListItem\",\"position\":2,\"name\":\"RECENSEMENT 2025\"}]},{\"@type\":\"WebSite\",\"@id\":\"https:\\\/\\\/www.avressieux.com\\\/mairie\\\/#website\",\"url\":\"https:\\\/\\\/www.avressieux.com\\\/mairie\\\/\",\"name\":\"Avressieux\",\"description\":\"Site officiel de la commune\",\"publisher\":{\"@id\":\"https:\\\/\\\/www.avressieux.com\\\/mairie\\\/#organization\"},\"potentialAction\":[{\"@type\":\"SearchAction\",\"target\":{\"@type\":\"EntryPoint\",\"urlTemplate\":\"https:\\\/\\\/www.avressieux.com\\\/mairie\\\/?s={search_term_string}\"},\"query-input\":{\"@type\":\"PropertyValueSpecification\",\"valueRequired\":true,\"valueName\":\"search_term_string\"}}],\"inLanguage\":\"fr-FR\"},{\"@type\":\"Organization\",\"@id\":\"https:\\\/\\\/www.avressieux.com\\\/mairie\\\/#organization\",\"name\":\"Commune d'Avressieux\",\"url\":\"https:\\\/\\\/www.avressieux.com\\\/mairie\\\/\",\"logo\":{\"@type\":\"ImageObject\",\"inLanguage\":\"fr-FR\",\"@id\":\"https:\\\/\\\/www.avressieux.com\\\/mairie\\\/#\\\/schema\\\/logo\\\/image\\\/\",\"url\":\"https:\\\/\\\/www.avressieux.com\\\/mairie\\\/wp-content\\\/uploads\\\/2020\\\/08\\\/favicon.jpg\",\"contentUrl\":\"https:\\\/\\\/www.avressieux.com\\\/mairie\\\/wp-content\\\/uploads\\\/2020\\\/08\\\/favicon.jpg\",\"width\":512,\"height\":512,\"caption\":\"Commune d'Avressieux\"},\"image\":{\"@id\":\"https:\\\/\\\/www.avressieux.com\\\/mairie\\\/#\\\/schema\\\/logo\\\/image\\\/\"},\"sameAs\":[\"https:\\\/\\\/www.facebook.com\\\/Mairie-dAvressieux-104859844654359\\\/\"]},{\"@type\":\"Person\",\"@id\":\"https:\\\/\\\/www.avressieux.com\\\/mairie\\\/#\\\/schema\\\/person\\\/9f22688c8c9f239d3d5099d8f47ed9bc\",\"name\":\"Mairie Avressieux\",\"image\":{\"@type\":\"ImageObject\",\"inLanguage\":\"fr-FR\",\"@id\":\"https:\\\/\\\/secure.gravatar.com\\\/avatar\\\/f979a8c5245a726ff2cfde2b718b3b9614faeaa1c305f48ed6a3413eb5691b5b?s=96&d=mm&r=g\",\"url\":\"https:\\\/\\\/secure.gravatar.com\\\/avatar\\\/f979a8c5245a726ff2cfde2b718b3b9614faeaa1c305f48ed6a3413eb5691b5b?s=96&d=mm&r=g\",\"contentUrl\":\"https:\\\/\\\/secure.gravatar.com\\\/avatar\\\/f979a8c5245a726ff2cfde2b718b3b9614faeaa1c305f48ed6a3413eb5691b5b?s=96&d=mm&r=g\",\"caption\":\"Mairie Avressieux\"}}]}<\/script>\n<!-- \/ Yoast SEO plugin. -->","yoast_head_json":{"title":"RECENSEMENT 2025 | Avressieux","description":"RECENSEMENT 2025 | Commune d'Avressieux, en Savoie - 73240 - Actualit\u00e9s municipales, recrutement","robots":{"index":"index","follow":"follow","max-snippet":"max-snippet:-1","max-image-preview":"max-image-preview:large","max-video-preview":"max-video-preview:-1"},"canonical":"https:\/\/www.avressieux.com\/mairie\/recensement-2025\/","og_locale":"fr_FR","og_type":"article","og_title":"RECENSEMENT 2025 | Avressieux","og_description":"RECENSEMENT 2025 | Commune d'Avressieux, en Savoie - 73240 - Actualit\u00e9s municipales, recrutement","og_url":"https:\/\/www.avressieux.com\/mairie\/recensement-2025\/","og_site_name":"Avressieux","article_publisher":"https:\/\/www.facebook.com\/Mairie-dAvressieux-104859844654359\/","article_published_time":"2025-01-06T21:48:00+00:00","article_modified_time":"2025-01-18T21:54:38+00:00","og_image":[{"width":1449,"height":2048,"url":"https:\/\/www.avressieux.com\/mairie\/wp-content\/uploads\/2025\/01\/472621542_1009505324551738_6334698337472834545_n.jpg","type":"image\/jpeg"}],"author":"Mairie Avressieux","twitter_card":"summary_large_image","twitter_misc":{"\u00c9crit par":"Mairie Avressieux","Dur\u00e9e de lecture estim\u00e9e":"3 minutes"},"schema":{"@context":"https:\/\/schema.org","@graph":[{"@type":"Article","@id":"https:\/\/www.avressieux.com\/mairie\/recensement-2025\/#article","isPartOf":{"@id":"https:\/\/www.avressieux.com\/mairie\/recensement-2025\/"},"author":{"name":"Mairie Avressieux","@id":"https:\/\/www.avressieux.com\/mairie\/#\/schema\/person\/9f22688c8c9f239d3d5099d8f47ed9bc"},"headline":"RECENSEMENT 2025","datePublished":"2025-01-06T21:48:00+00:00","dateModified":"2025-01-18T21:54:38+00:00","mainEntityOfPage":{"@id":"https:\/\/www.avressieux.com\/mairie\/recensement-2025\/"},"wordCount":589,"publisher":{"@id":"https:\/\/www.avressieux.com\/mairie\/#organization"},"image":{"@id":"https:\/\/www.avressieux.com\/mairie\/recensement-2025\/#primaryimage"},"thumbnailUrl":"https:\/\/www.avressieux.com\/mairie\/wp-content\/uploads\/2025\/01\/472621542_1009505324551738_6334698337472834545_n.jpg","keywords":["accueil"],"articleSection":["\u00c0 la Une","D\u00e9marches administratives"],"inLanguage":"fr-FR"},{"@type":"WebPage","@id":"https:\/\/www.avressieux.com\/mairie\/recensement-2025\/","url":"https:\/\/www.avressieux.com\/mairie\/recensement-2025\/","name":"RECENSEMENT 2025 | Avressieux","isPartOf":{"@id":"https:\/\/www.avressieux.com\/mairie\/#website"},"primaryImageOfPage":{"@id":"https:\/\/www.avressieux.com\/mairie\/recensement-2025\/#primaryimage"},"image":{"@id":"https:\/\/www.avressieux.com\/mairie\/recensement-2025\/#primaryimage"},"thumbnailUrl":"https:\/\/www.avressieux.com\/mairie\/wp-content\/uploads\/2025\/01\/472621542_1009505324551738_6334698337472834545_n.jpg","datePublished":"2025-01-06T21:48:00+00:00","dateModified":"2025-01-18T21:54:38+00:00","description":"RECENSEMENT 2025 | Commune d'Avressieux, en Savoie - 73240 - Actualit\u00e9s municipales, recrutement","breadcrumb":{"@id":"https:\/\/www.avressieux.com\/mairie\/recensement-2025\/#breadcrumb"},"inLanguage":"fr-FR","potentialAction":[{"@type":"ReadAction","target":["https:\/\/www.avressieux.com\/mairie\/recensement-2025\/"]}]},{"@type":"ImageObject","inLanguage":"fr-FR","@id":"https:\/\/www.avressieux.com\/mairie\/recensement-2025\/#primaryimage","url":"https:\/\/www.avressieux.com\/mairie\/wp-content\/uploads\/2025\/01\/472621542_1009505324551738_6334698337472834545_n.jpg","contentUrl":"https:\/\/www.avressieux.com\/mairie\/wp-content\/uploads\/2025\/01\/472621542_1009505324551738_6334698337472834545_n.jpg","width":1449,"height":2048},{"@type":"BreadcrumbList","@id":"https:\/\/www.avressieux.com\/mairie\/recensement-2025\/#breadcrumb","itemListElement":[{"@type":"ListItem","position":1,"name":"Accueil","item":"https:\/\/www.avressieux.com\/mairie\/"},{"@type":"ListItem","position":2,"name":"RECENSEMENT 2025"}]},{"@type":"WebSite","@id":"https:\/\/www.avressieux.com\/mairie\/#website","url":"https:\/\/www.avressieux.com\/mairie\/","name":"Avressieux","description":"Site officiel de la commune","publisher":{"@id":"https:\/\/www.avressieux.com\/mairie\/#organization"},"potentialAction":[{"@type":"SearchAction","target":{"@type":"EntryPoint","urlTemplate":"https:\/\/www.avressieux.com\/mairie\/?s={search_term_string}"},"query-input":{"@type":"PropertyValueSpecification","valueRequired":true,"valueName":"search_term_string"}}],"inLanguage":"fr-FR"},{"@type":"Organization","@id":"https:\/\/www.avressieux.com\/mairie\/#organization","name":"Commune d'Avressieux","url":"https:\/\/www.avressieux.com\/mairie\/","logo":{"@type":"ImageObject","inLanguage":"fr-FR","@id":"https:\/\/www.avressieux.com\/mairie\/#\/schema\/logo\/image\/","url":"https:\/\/www.avressieux.com\/mairie\/wp-content\/uploads\/2020\/08\/favicon.jpg","contentUrl":"https:\/\/www.avressieux.com\/mairie\/wp-content\/uploads\/2020\/08\/favicon.jpg","width":512,"height":512,"caption":"Commune d'Avressieux"},"image":{"@id":"https:\/\/www.avressieux.com\/mairie\/#\/schema\/logo\/image\/"},"sameAs":["https:\/\/www.facebook.com\/Mairie-dAvressieux-104859844654359\/"]},{"@type":"Person","@id":"https:\/\/www.avressieux.com\/mairie\/#\/schema\/person\/9f22688c8c9f239d3d5099d8f47ed9bc","name":"Mairie Avressieux","image":{"@type":"ImageObject","inLanguage":"fr-FR","@id":"https:\/\/secure.gravatar.com\/avatar\/f979a8c5245a726ff2cfde2b718b3b9614faeaa1c305f48ed6a3413eb5691b5b?s=96&d=mm&r=g","url":"https:\/\/secure.gravatar.com\/avatar\/f979a8c5245a726ff2cfde2b718b3b9614faeaa1c305f48ed6a3413eb5691b5b?s=96&d=mm&r=g","contentUrl":"https:\/\/secure.gravatar.com\/avatar\/f979a8c5245a726ff2cfde2b718b3b9614faeaa1c305f48ed6a3413eb5691b5b?s=96&d=mm&r=g","caption":"Mairie Avressieux"}}]}},"publishpress_future_action":{"enabled":false,"date":"2026-05-08 15:08:45","action":"change-status","newStatus":"draft","terms":[],"taxonomy":"category","extraData":[]},"publishpress_future_workflow_manual_trigger":{"enabledWorkflows":[]},"_links":{"self":[{"href":"https:\/\/www.avressieux.com\/mairie\/wp-json\/wp\/v2\/posts\/4510","targetHints":{"allow":["GET"]}}],"collection":[{"href":"https:\/\/www.avressieux.com\/mairie\/wp-json\/wp\/v2\/posts"}],"about":[{"href":"https:\/\/www.avressieux.com\/mairie\/wp-json\/wp\/v2\/types\/post"}],"author":[{"embeddable":true,"href":"https:\/\/www.avressieux.com\/mairie\/wp-json\/wp\/v2\/users\/1"}],"replies":[{"embeddable":true,"href":"https:\/\/www.avressieux.com\/mairie\/wp-json\/wp\/v2\/comments?post=4510"}],"version-history":[{"count":3,"href":"https:\/\/www.avressieux.com\/mairie\/wp-json\/wp\/v2\/posts\/4510\/revisions"}],"predecessor-version":[{"id":4521,"href":"https:\/\/www.avressieux.com\/mairie\/wp-json\/wp\/v2\/posts\/4510\/revisions\/4521"}],"wp:featuredmedia":[{"embeddable":true,"href":"https:\/\/www.avressieux.com\/mairie\/wp-json\/wp\/v2\/media\/4511"}],"wp:attachment":[{"href":"https:\/\/www.avressieux.com\/mairie\/wp-json\/wp\/v2\/media?parent=4510"}],"wp:term":[{"taxonomy":"category","embeddable":true,"href":"https:\/\/www.avressieux.com\/mairie\/wp-json\/wp\/v2\/categories?post=4510"},{"taxonomy":"post_tag","embeddable":true,"href":"https:\/\/www.avressieux.com\/mairie\/wp-json\/wp\/v2\/tags?post=4510"}],"curies":[{"name":"wp","href":"https:\/\/api.w.org\/{rel}","templated":true}]}}