{"id":4266,"date":"2024-01-16T13:20:09","date_gmt":"2024-01-16T12:20:09","guid":{"rendered":"https:\/\/www.avressieux.com\/mairie\/?p=4266"},"modified":"2024-01-16T13:20:10","modified_gmt":"2024-01-16T12:20:10","slug":"boudin-a-la-chaudiere-4-fevrier","status":"publish","type":"post","link":"https:\/\/www.avressieux.com\/mairie\/boudin-a-la-chaudiere-4-fevrier\/","title":{"rendered":"Boudin \u00e0 la chaudi\u00e8re &#8211; 4 f\u00e9vrier"},"content":{"rendered":"<p>[et_pb_section fb_built=\u00a0\u00bb1&Prime; _builder_version=\u00a0\u00bb4.16&Prime; _module_preset=\u00a0\u00bbdefault\u00a0\u00bb custom_margin=\u00a0\u00bb0px||||false|false\u00a0\u00bb custom_padding=\u00a0\u00bb0px||||false|false\u00a0\u00bb global_colors_info=\u00a0\u00bb{}\u00a0\u00bb theme_builder_area=\u00a0\u00bbpost_content\u00a0\u00bb][et_pb_row make_equal=\u00a0\u00bbon\u00a0\u00bb _builder_version=\u00a0\u00bb4.16&Prime; _module_preset=\u00a0\u00bbdefault\u00a0\u00bb width=\u00a0\u00bb96%\u00a0\u00bb width_tablet=\u00a0\u00bb95%\u00a0\u00bb width_phone=\u00a0\u00bb\u00a0\u00bb width_last_edited=\u00a0\u00bbon|phone\u00a0\u00bb module_alignment=\u00a0\u00bbcenter\u00a0\u00bb custom_margin=\u00a0\u00bb||||false|false\u00a0\u00bb custom_padding=\u00a0\u00bb||||false|false\u00a0\u00bb global_colors_info=\u00a0\u00bb{}\u00a0\u00bb theme_builder_area=\u00a0\u00bbpost_content\u00a0\u00bb][et_pb_column type=\u00a0\u00bb4_4&Prime; _builder_version=\u00a0\u00bb4.16&Prime; _module_preset=\u00a0\u00bbdefault\u00a0\u00bb global_colors_info=\u00a0\u00bb{}\u00a0\u00bb theme_builder_area=\u00a0\u00bbpost_content\u00a0\u00bb][\/et_pb_column][\/et_pb_row][et_pb_row _builder_version=\u00a0\u00bb4.22.1&Prime; _module_preset=\u00a0\u00bbdefault\u00a0\u00bb theme_builder_area=\u00a0\u00bbpost_content\u00a0\u00bb][et_pb_column _builder_version=\u00a0\u00bb4.22.1&Prime; _module_preset=\u00a0\u00bbdefault\u00a0\u00bb type=\u00a0\u00bb4_4&Prime; theme_builder_area=\u00a0\u00bbpost_content\u00a0\u00bb][et_pb_image src=\u00a0\u00bbhttps:\/\/www.avressieux.com\/mairie\/wp-content\/uploads\/2024\/01\/420164765_773143751521231_6180400530965076400_n.jpg\u00a0\u00bb _builder_version=\u00a0\u00bb4.22.1&Prime; _module_preset=\u00a0\u00bbdefault\u00a0\u00bb theme_builder_area=\u00a0\u00bbpost_content\u00a0\u00bb title_text=\u00a0\u00bb420164765_773143751521231_6180400530965076400_n\u00a0\u00bb hover_enabled=\u00a0\u00bb0&Prime; sticky_enabled=\u00a0\u00bb0&Prime;][\/et_pb_image][\/et_pb_column][\/et_pb_row][\/et_pb_section]<\/p>\n","protected":false},"excerpt":{"rendered":"","protected":false},"author":1,"featured_media":4265,"comment_status":"closed","ping_status":"closed","sticky":false,"template":"","format":"standard","meta":{"_et_pb_use_builder":"on","_et_pb_old_content":"","_et_gb_content_width":"1080","footnotes":""},"categories":[149,6],"tags":[50,51,108,127],"class_list":["post-4266","post","type-post","status-publish","format-standard","has-post-thumbnail","hentry","category-a-la-une","category-associationchasse","tag-accueil","tag-administratif","tag-mairie","tag-secretariat"],"yoast_head":"<!-- This site is optimized with the Yoast SEO plugin v27.5 - https:\/\/yoast.com\/product\/yoast-seo-wordpress\/ -->\n<title>Boudin \u00e0 la chaudi\u00e8re - 4 f\u00e9vrier | Avressieux<\/title>\n<meta name=\"description\" content=\"Boudin \u00e0 la chaudi\u00e8re - 4 f\u00e9vrier | Commune d&#039;Avressieux, en Savoie - 73240 - Actualit\u00e9s municipales, recrutement\" \/>\n<meta name=\"robots\" content=\"index, follow, max-snippet:-1, max-image-preview:large, max-video-preview:-1\" \/>\n<link rel=\"canonical\" href=\"https:\/\/www.avressieux.com\/mairie\/boudin-a-la-chaudiere-4-fevrier\/\" \/>\n<meta property=\"og:locale\" content=\"fr_FR\" \/>\n<meta property=\"og:type\" content=\"article\" \/>\n<meta property=\"og:title\" content=\"Boudin \u00e0 la chaudi\u00e8re - 4 f\u00e9vrier | Avressieux\" \/>\n<meta property=\"og:description\" content=\"Boudin \u00e0 la chaudi\u00e8re - 4 f\u00e9vrier | Commune d&#039;Avressieux, en Savoie - 73240 - Actualit\u00e9s municipales, recrutement\" \/>\n<meta property=\"og:url\" content=\"https:\/\/www.avressieux.com\/mairie\/boudin-a-la-chaudiere-4-fevrier\/\" \/>\n<meta property=\"og:site_name\" content=\"Avressieux\" \/>\n<meta property=\"article:publisher\" content=\"https:\/\/www.facebook.com\/Mairie-dAvressieux-104859844654359\/\" \/>\n<meta property=\"article:published_time\" content=\"2024-01-16T12:20:09+00:00\" \/>\n<meta property=\"article:modified_time\" content=\"2024-01-16T12:20:10+00:00\" \/>\n<meta property=\"og:image\" content=\"https:\/\/www.avressieux.com\/mairie\/wp-content\/uploads\/2024\/01\/420164765_773143751521231_6180400530965076400_n.jpg\" \/>\n\t<meta property=\"og:image:width\" content=\"1439\" \/>\n\t<meta property=\"og:image:height\" content=\"2048\" \/>\n\t<meta property=\"og:image:type\" content=\"image\/jpeg\" \/>\n<meta name=\"author\" content=\"Mairie Avressieux\" \/>\n<meta name=\"twitter:card\" content=\"summary_large_image\" \/>\n<meta name=\"twitter:label1\" content=\"\u00c9crit par\" \/>\n\t<meta name=\"twitter:data1\" content=\"Mairie Avressieux\" \/>\n\t<meta name=\"twitter:label2\" content=\"Dur\u00e9e de lecture estim\u00e9e\" \/>\n\t<meta name=\"twitter:data2\" content=\"1 minute\" \/>\n<script type=\"application\/ld+json\" class=\"yoast-schema-graph\">{\"@context\":\"https:\\\/\\\/schema.org\",\"@graph\":[{\"@type\":\"Article\",\"@id\":\"https:\\\/\\\/www.avressieux.com\\\/mairie\\\/boudin-a-la-chaudiere-4-fevrier\\\/#article\",\"isPartOf\":{\"@id\":\"https:\\\/\\\/www.avressieux.com\\\/mairie\\\/boudin-a-la-chaudiere-4-fevrier\\\/\"},\"author\":{\"name\":\"Mairie Avressieux\",\"@id\":\"https:\\\/\\\/www.avressieux.com\\\/mairie\\\/#\\\/schema\\\/person\\\/9f22688c8c9f239d3d5099d8f47ed9bc\"},\"headline\":\"Boudin \u00e0 la chaudi\u00e8re &#8211; 4 f\u00e9vrier\",\"datePublished\":\"2024-01-16T12:20:09+00:00\",\"dateModified\":\"2024-01-16T12:20:10+00:00\",\"mainEntityOfPage\":{\"@id\":\"https:\\\/\\\/www.avressieux.com\\\/mairie\\\/boudin-a-la-chaudiere-4-fevrier\\\/\"},\"wordCount\":167,\"publisher\":{\"@id\":\"https:\\\/\\\/www.avressieux.com\\\/mairie\\\/#organization\"},\"image\":{\"@id\":\"https:\\\/\\\/www.avressieux.com\\\/mairie\\\/boudin-a-la-chaudiere-4-fevrier\\\/#primaryimage\"},\"thumbnailUrl\":\"https:\\\/\\\/www.avressieux.com\\\/mairie\\\/wp-content\\\/uploads\\\/2024\\\/01\\\/420164765_773143751521231_6180400530965076400_n.jpg\",\"keywords\":[\"accueil\",\"administratif\",\"mairie\",\"secr\u00e9tariat\"],\"articleSection\":[\"\u00c0 la Une\",\"Association communale de chasse\"],\"inLanguage\":\"fr-FR\"},{\"@type\":\"WebPage\",\"@id\":\"https:\\\/\\\/www.avressieux.com\\\/mairie\\\/boudin-a-la-chaudiere-4-fevrier\\\/\",\"url\":\"https:\\\/\\\/www.avressieux.com\\\/mairie\\\/boudin-a-la-chaudiere-4-fevrier\\\/\",\"name\":\"Boudin \u00e0 la chaudi\u00e8re - 4 f\u00e9vrier | Avressieux\",\"isPartOf\":{\"@id\":\"https:\\\/\\\/www.avressieux.com\\\/mairie\\\/#website\"},\"primaryImageOfPage\":{\"@id\":\"https:\\\/\\\/www.avressieux.com\\\/mairie\\\/boudin-a-la-chaudiere-4-fevrier\\\/#primaryimage\"},\"image\":{\"@id\":\"https:\\\/\\\/www.avressieux.com\\\/mairie\\\/boudin-a-la-chaudiere-4-fevrier\\\/#primaryimage\"},\"thumbnailUrl\":\"https:\\\/\\\/www.avressieux.com\\\/mairie\\\/wp-content\\\/uploads\\\/2024\\\/01\\\/420164765_773143751521231_6180400530965076400_n.jpg\",\"datePublished\":\"2024-01-16T12:20:09+00:00\",\"dateModified\":\"2024-01-16T12:20:10+00:00\",\"description\":\"Boudin \u00e0 la chaudi\u00e8re - 4 f\u00e9vrier | Commune d'Avressieux, en Savoie - 73240 - Actualit\u00e9s municipales, recrutement\",\"breadcrumb\":{\"@id\":\"https:\\\/\\\/www.avressieux.com\\\/mairie\\\/boudin-a-la-chaudiere-4-fevrier\\\/#breadcrumb\"},\"inLanguage\":\"fr-FR\",\"potentialAction\":[{\"@type\":\"ReadAction\",\"target\":[\"https:\\\/\\\/www.avressieux.com\\\/mairie\\\/boudin-a-la-chaudiere-4-fevrier\\\/\"]}]},{\"@type\":\"ImageObject\",\"inLanguage\":\"fr-FR\",\"@id\":\"https:\\\/\\\/www.avressieux.com\\\/mairie\\\/boudin-a-la-chaudiere-4-fevrier\\\/#primaryimage\",\"url\":\"https:\\\/\\\/www.avressieux.com\\\/mairie\\\/wp-content\\\/uploads\\\/2024\\\/01\\\/420164765_773143751521231_6180400530965076400_n.jpg\",\"contentUrl\":\"https:\\\/\\\/www.avressieux.com\\\/mairie\\\/wp-content\\\/uploads\\\/2024\\\/01\\\/420164765_773143751521231_6180400530965076400_n.jpg\",\"width\":1439,\"height\":2048},{\"@type\":\"BreadcrumbList\",\"@id\":\"https:\\\/\\\/www.avressieux.com\\\/mairie\\\/boudin-a-la-chaudiere-4-fevrier\\\/#breadcrumb\",\"itemListElement\":[{\"@type\":\"ListItem\",\"position\":1,\"name\":\"Accueil\",\"item\":\"https:\\\/\\\/www.avressieux.com\\\/mairie\\\/\"},{\"@type\":\"ListItem\",\"position\":2,\"name\":\"Boudin \u00e0 la chaudi\u00e8re &#8211; 4 f\u00e9vrier\"}]},{\"@type\":\"WebSite\",\"@id\":\"https:\\\/\\\/www.avressieux.com\\\/mairie\\\/#website\",\"url\":\"https:\\\/\\\/www.avressieux.com\\\/mairie\\\/\",\"name\":\"Avressieux\",\"description\":\"Site officiel de la commune\",\"publisher\":{\"@id\":\"https:\\\/\\\/www.avressieux.com\\\/mairie\\\/#organization\"},\"potentialAction\":[{\"@type\":\"SearchAction\",\"target\":{\"@type\":\"EntryPoint\",\"urlTemplate\":\"https:\\\/\\\/www.avressieux.com\\\/mairie\\\/?s={search_term_string}\"},\"query-input\":{\"@type\":\"PropertyValueSpecification\",\"valueRequired\":true,\"valueName\":\"search_term_string\"}}],\"inLanguage\":\"fr-FR\"},{\"@type\":\"Organization\",\"@id\":\"https:\\\/\\\/www.avressieux.com\\\/mairie\\\/#organization\",\"name\":\"Commune d'Avressieux\",\"url\":\"https:\\\/\\\/www.avressieux.com\\\/mairie\\\/\",\"logo\":{\"@type\":\"ImageObject\",\"inLanguage\":\"fr-FR\",\"@id\":\"https:\\\/\\\/www.avressieux.com\\\/mairie\\\/#\\\/schema\\\/logo\\\/image\\\/\",\"url\":\"https:\\\/\\\/www.avressieux.com\\\/mairie\\\/wp-content\\\/uploads\\\/2020\\\/08\\\/favicon.jpg\",\"contentUrl\":\"https:\\\/\\\/www.avressieux.com\\\/mairie\\\/wp-content\\\/uploads\\\/2020\\\/08\\\/favicon.jpg\",\"width\":512,\"height\":512,\"caption\":\"Commune d'Avressieux\"},\"image\":{\"@id\":\"https:\\\/\\\/www.avressieux.com\\\/mairie\\\/#\\\/schema\\\/logo\\\/image\\\/\"},\"sameAs\":[\"https:\\\/\\\/www.facebook.com\\\/Mairie-dAvressieux-104859844654359\\\/\"]},{\"@type\":\"Person\",\"@id\":\"https:\\\/\\\/www.avressieux.com\\\/mairie\\\/#\\\/schema\\\/person\\\/9f22688c8c9f239d3d5099d8f47ed9bc\",\"name\":\"Mairie Avressieux\",\"image\":{\"@type\":\"ImageObject\",\"inLanguage\":\"fr-FR\",\"@id\":\"https:\\\/\\\/secure.gravatar.com\\\/avatar\\\/f979a8c5245a726ff2cfde2b718b3b9614faeaa1c305f48ed6a3413eb5691b5b?s=96&d=mm&r=g\",\"url\":\"https:\\\/\\\/secure.gravatar.com\\\/avatar\\\/f979a8c5245a726ff2cfde2b718b3b9614faeaa1c305f48ed6a3413eb5691b5b?s=96&d=mm&r=g\",\"contentUrl\":\"https:\\\/\\\/secure.gravatar.com\\\/avatar\\\/f979a8c5245a726ff2cfde2b718b3b9614faeaa1c305f48ed6a3413eb5691b5b?s=96&d=mm&r=g\",\"caption\":\"Mairie Avressieux\"}}]}<\/script>\n<!-- \/ Yoast SEO plugin. -->","yoast_head_json":{"title":"Boudin \u00e0 la chaudi\u00e8re - 4 f\u00e9vrier | Avressieux","description":"Boudin \u00e0 la chaudi\u00e8re - 4 f\u00e9vrier | Commune d'Avressieux, en Savoie - 73240 - Actualit\u00e9s municipales, recrutement","robots":{"index":"index","follow":"follow","max-snippet":"max-snippet:-1","max-image-preview":"max-image-preview:large","max-video-preview":"max-video-preview:-1"},"canonical":"https:\/\/www.avressieux.com\/mairie\/boudin-a-la-chaudiere-4-fevrier\/","og_locale":"fr_FR","og_type":"article","og_title":"Boudin \u00e0 la chaudi\u00e8re - 4 f\u00e9vrier | Avressieux","og_description":"Boudin \u00e0 la chaudi\u00e8re - 4 f\u00e9vrier | Commune d'Avressieux, en Savoie - 73240 - Actualit\u00e9s municipales, recrutement","og_url":"https:\/\/www.avressieux.com\/mairie\/boudin-a-la-chaudiere-4-fevrier\/","og_site_name":"Avressieux","article_publisher":"https:\/\/www.facebook.com\/Mairie-dAvressieux-104859844654359\/","article_published_time":"2024-01-16T12:20:09+00:00","article_modified_time":"2024-01-16T12:20:10+00:00","og_image":[{"width":1439,"height":2048,"url":"https:\/\/www.avressieux.com\/mairie\/wp-content\/uploads\/2024\/01\/420164765_773143751521231_6180400530965076400_n.jpg","type":"image\/jpeg"}],"author":"Mairie Avressieux","twitter_card":"summary_large_image","twitter_misc":{"\u00c9crit par":"Mairie Avressieux","Dur\u00e9e de lecture estim\u00e9e":"1 minute"},"schema":{"@context":"https:\/\/schema.org","@graph":[{"@type":"Article","@id":"https:\/\/www.avressieux.com\/mairie\/boudin-a-la-chaudiere-4-fevrier\/#article","isPartOf":{"@id":"https:\/\/www.avressieux.com\/mairie\/boudin-a-la-chaudiere-4-fevrier\/"},"author":{"name":"Mairie Avressieux","@id":"https:\/\/www.avressieux.com\/mairie\/#\/schema\/person\/9f22688c8c9f239d3d5099d8f47ed9bc"},"headline":"Boudin \u00e0 la chaudi\u00e8re &#8211; 4 f\u00e9vrier","datePublished":"2024-01-16T12:20:09+00:00","dateModified":"2024-01-16T12:20:10+00:00","mainEntityOfPage":{"@id":"https:\/\/www.avressieux.com\/mairie\/boudin-a-la-chaudiere-4-fevrier\/"},"wordCount":167,"publisher":{"@id":"https:\/\/www.avressieux.com\/mairie\/#organization"},"image":{"@id":"https:\/\/www.avressieux.com\/mairie\/boudin-a-la-chaudiere-4-fevrier\/#primaryimage"},"thumbnailUrl":"https:\/\/www.avressieux.com\/mairie\/wp-content\/uploads\/2024\/01\/420164765_773143751521231_6180400530965076400_n.jpg","keywords":["accueil","administratif","mairie","secr\u00e9tariat"],"articleSection":["\u00c0 la Une","Association communale de chasse"],"inLanguage":"fr-FR"},{"@type":"WebPage","@id":"https:\/\/www.avressieux.com\/mairie\/boudin-a-la-chaudiere-4-fevrier\/","url":"https:\/\/www.avressieux.com\/mairie\/boudin-a-la-chaudiere-4-fevrier\/","name":"Boudin \u00e0 la chaudi\u00e8re - 4 f\u00e9vrier | Avressieux","isPartOf":{"@id":"https:\/\/www.avressieux.com\/mairie\/#website"},"primaryImageOfPage":{"@id":"https:\/\/www.avressieux.com\/mairie\/boudin-a-la-chaudiere-4-fevrier\/#primaryimage"},"image":{"@id":"https:\/\/www.avressieux.com\/mairie\/boudin-a-la-chaudiere-4-fevrier\/#primaryimage"},"thumbnailUrl":"https:\/\/www.avressieux.com\/mairie\/wp-content\/uploads\/2024\/01\/420164765_773143751521231_6180400530965076400_n.jpg","datePublished":"2024-01-16T12:20:09+00:00","dateModified":"2024-01-16T12:20:10+00:00","description":"Boudin \u00e0 la chaudi\u00e8re - 4 f\u00e9vrier | Commune d'Avressieux, en Savoie - 73240 - Actualit\u00e9s municipales, recrutement","breadcrumb":{"@id":"https:\/\/www.avressieux.com\/mairie\/boudin-a-la-chaudiere-4-fevrier\/#breadcrumb"},"inLanguage":"fr-FR","potentialAction":[{"@type":"ReadAction","target":["https:\/\/www.avressieux.com\/mairie\/boudin-a-la-chaudiere-4-fevrier\/"]}]},{"@type":"ImageObject","inLanguage":"fr-FR","@id":"https:\/\/www.avressieux.com\/mairie\/boudin-a-la-chaudiere-4-fevrier\/#primaryimage","url":"https:\/\/www.avressieux.com\/mairie\/wp-content\/uploads\/2024\/01\/420164765_773143751521231_6180400530965076400_n.jpg","contentUrl":"https:\/\/www.avressieux.com\/mairie\/wp-content\/uploads\/2024\/01\/420164765_773143751521231_6180400530965076400_n.jpg","width":1439,"height":2048},{"@type":"BreadcrumbList","@id":"https:\/\/www.avressieux.com\/mairie\/boudin-a-la-chaudiere-4-fevrier\/#breadcrumb","itemListElement":[{"@type":"ListItem","position":1,"name":"Accueil","item":"https:\/\/www.avressieux.com\/mairie\/"},{"@type":"ListItem","position":2,"name":"Boudin \u00e0 la chaudi\u00e8re &#8211; 4 f\u00e9vrier"}]},{"@type":"WebSite","@id":"https:\/\/www.avressieux.com\/mairie\/#website","url":"https:\/\/www.avressieux.com\/mairie\/","name":"Avressieux","description":"Site officiel de la commune","publisher":{"@id":"https:\/\/www.avressieux.com\/mairie\/#organization"},"potentialAction":[{"@type":"SearchAction","target":{"@type":"EntryPoint","urlTemplate":"https:\/\/www.avressieux.com\/mairie\/?s={search_term_string}"},"query-input":{"@type":"PropertyValueSpecification","valueRequired":true,"valueName":"search_term_string"}}],"inLanguage":"fr-FR"},{"@type":"Organization","@id":"https:\/\/www.avressieux.com\/mairie\/#organization","name":"Commune d'Avressieux","url":"https:\/\/www.avressieux.com\/mairie\/","logo":{"@type":"ImageObject","inLanguage":"fr-FR","@id":"https:\/\/www.avressieux.com\/mairie\/#\/schema\/logo\/image\/","url":"https:\/\/www.avressieux.com\/mairie\/wp-content\/uploads\/2020\/08\/favicon.jpg","contentUrl":"https:\/\/www.avressieux.com\/mairie\/wp-content\/uploads\/2020\/08\/favicon.jpg","width":512,"height":512,"caption":"Commune d'Avressieux"},"image":{"@id":"https:\/\/www.avressieux.com\/mairie\/#\/schema\/logo\/image\/"},"sameAs":["https:\/\/www.facebook.com\/Mairie-dAvressieux-104859844654359\/"]},{"@type":"Person","@id":"https:\/\/www.avressieux.com\/mairie\/#\/schema\/person\/9f22688c8c9f239d3d5099d8f47ed9bc","name":"Mairie Avressieux","image":{"@type":"ImageObject","inLanguage":"fr-FR","@id":"https:\/\/secure.gravatar.com\/avatar\/f979a8c5245a726ff2cfde2b718b3b9614faeaa1c305f48ed6a3413eb5691b5b?s=96&d=mm&r=g","url":"https:\/\/secure.gravatar.com\/avatar\/f979a8c5245a726ff2cfde2b718b3b9614faeaa1c305f48ed6a3413eb5691b5b?s=96&d=mm&r=g","contentUrl":"https:\/\/secure.gravatar.com\/avatar\/f979a8c5245a726ff2cfde2b718b3b9614faeaa1c305f48ed6a3413eb5691b5b?s=96&d=mm&r=g","caption":"Mairie Avressieux"}}]}},"publishpress_future_action":{"enabled":false,"date":"2026-05-06 11:35:43","action":"change-status","newStatus":"draft","terms":[],"taxonomy":"category","extraData":[]},"publishpress_future_workflow_manual_trigger":{"enabledWorkflows":[]},"_links":{"self":[{"href":"https:\/\/www.avressieux.com\/mairie\/wp-json\/wp\/v2\/posts\/4266","targetHints":{"allow":["GET"]}}],"collection":[{"href":"https:\/\/www.avressieux.com\/mairie\/wp-json\/wp\/v2\/posts"}],"about":[{"href":"https:\/\/www.avressieux.com\/mairie\/wp-json\/wp\/v2\/types\/post"}],"author":[{"embeddable":true,"href":"https:\/\/www.avressieux.com\/mairie\/wp-json\/wp\/v2\/users\/1"}],"replies":[{"embeddable":true,"href":"https:\/\/www.avressieux.com\/mairie\/wp-json\/wp\/v2\/comments?post=4266"}],"version-history":[{"count":2,"href":"https:\/\/www.avressieux.com\/mairie\/wp-json\/wp\/v2\/posts\/4266\/revisions"}],"predecessor-version":[{"id":4269,"href":"https:\/\/www.avressieux.com\/mairie\/wp-json\/wp\/v2\/posts\/4266\/revisions\/4269"}],"wp:featuredmedia":[{"embeddable":true,"href":"https:\/\/www.avressieux.com\/mairie\/wp-json\/wp\/v2\/media\/4265"}],"wp:attachment":[{"href":"https:\/\/www.avressieux.com\/mairie\/wp-json\/wp\/v2\/media?parent=4266"}],"wp:term":[{"taxonomy":"category","embeddable":true,"href":"https:\/\/www.avressieux.com\/mairie\/wp-json\/wp\/v2\/categories?post=4266"},{"taxonomy":"post_tag","embeddable":true,"href":"https:\/\/www.avressieux.com\/mairie\/wp-json\/wp\/v2\/tags?post=4266"}],"curies":[{"name":"wp","href":"https:\/\/api.w.org\/{rel}","templated":true}]}}