{"id":4035,"date":"2023-03-23T16:58:30","date_gmt":"2023-03-23T15:58:30","guid":{"rendered":"https:\/\/www.avressieux.com\/mairie\/?p=4035"},"modified":"2023-03-23T17:00:34","modified_gmt":"2023-03-23T16:00:34","slug":"tous-au-compost-2023-cest-parti","status":"publish","type":"post","link":"https:\/\/www.avressieux.com\/mairie\/tous-au-compost-2023-cest-parti\/","title":{"rendered":"Tous au Compost 2023 C&rsquo;est parti !"},"content":{"rendered":"<p>[et_pb_section fb_built=\u00a0\u00bb1&Prime; _builder_version=\u00a0\u00bb4.16&Prime; _module_preset=\u00a0\u00bbdefault\u00a0\u00bb custom_margin=\u00a0\u00bb0px||||false|false\u00a0\u00bb custom_padding=\u00a0\u00bb0px||||false|false\u00a0\u00bb global_colors_info=\u00a0\u00bb{}\u00a0\u00bb theme_builder_area=\u00a0\u00bbpost_content\u00a0\u00bb][et_pb_row make_equal=\u00a0\u00bbon\u00a0\u00bb _builder_version=\u00a0\u00bb4.16&Prime; _module_preset=\u00a0\u00bbdefault\u00a0\u00bb width=\u00a0\u00bb96%\u00a0\u00bb width_tablet=\u00a0\u00bb95%\u00a0\u00bb width_phone=\u00a0\u00bb\u00a0\u00bb width_last_edited=\u00a0\u00bbon|phone\u00a0\u00bb module_alignment=\u00a0\u00bbcenter\u00a0\u00bb custom_margin=\u00a0\u00bb||||false|false\u00a0\u00bb custom_padding=\u00a0\u00bb||||false|false\u00a0\u00bb global_colors_info=\u00a0\u00bb{}\u00a0\u00bb theme_builder_area=\u00a0\u00bbpost_content\u00a0\u00bb][et_pb_column type=\u00a0\u00bb4_4&Prime; _builder_version=\u00a0\u00bb4.16&Prime; _module_preset=\u00a0\u00bbdefault\u00a0\u00bb global_colors_info=\u00a0\u00bb{}\u00a0\u00bb theme_builder_area=\u00a0\u00bbpost_content\u00a0\u00bb][et_pb_text _builder_version=\u00a0\u00bb4.18.0&Prime; _module_preset=\u00a0\u00bbdefault\u00a0\u00bb text_orientation=\u00a0\u00bbcenter\u00a0\u00bb hover_enabled=\u00a0\u00bb0&Prime; global_colors_info=\u00a0\u00bb{}\u00a0\u00bb theme_builder_area=\u00a0\u00bbpost_content\u00a0\u00bb sticky_enabled=\u00a0\u00bb0&Prime;]<\/p>\n<p><span style=\"font-size: 10.5pt; font-family: 'Radikal Light';\">Comme chaque ann\u00e9e SYCLUM est acteur de l\u2019\u00e9v\u00e8nement Tous au compost qui aura lieu du 25 mars au 9 avril 2023,<\/span><\/p>\n<p><span style=\"font-size: 10.5pt; font-family: 'Radikal Light';\">Pour rappel<\/span><span style=\"font-size: 10.5pt;\">\u00a0<\/span><span style=\"font-size: 10.5pt; font-family: 'Radikal Light';\">: Tous au compost!<\/span><span style=\"font-size: 10.5pt;\">\u00a0<\/span><span style=\"font-size: 10.5pt; font-family: 'Radikal Light';\">est un \u00e9v\u00e8nement national annuel qui valorise la pratique du compostage de proximit\u00e9 des d\u00e9chets organiques :<\/span><\/p>\n<p style=\"margin-left: 0cm;\"><span style=\"font-size: 10.0pt; font-family: Symbol;\">\u00b7<span style=\"font: 7.0pt 'Times New Roman';\">\u00a0\u00a0 <\/span><\/span><span style=\"font-size: 10.5pt; font-family: 'Radikal Light';\">le compostage domestique (composteur individuel, lombricomposteur&#8230;),<\/span><\/p>\n<p style=\"margin-left: 0cm;\"><span style=\"font-size: 10.0pt; font-family: Symbol;\">\u00b7<span style=\"font: 7.0pt 'Times New Roman';\">\u00a0\u00a0 <\/span><\/span><span style=\"font-size: 10.5pt; font-family: 'Radikal Light';\">le compostage partag\u00e9 (en immeuble, quartier, plateforme collective&#8230;),<\/span><\/p>\n<p style=\"margin-left: 0cm;\"><span style=\"font-size: 10.0pt; font-family: Symbol;\">\u00b7<span style=\"font: 7.0pt 'Times New Roman';\">\u00a0\u00a0 <\/span><\/span><span style=\"font-size: 10.5pt; font-family: 'Radikal Light';\">le compostage en \u00e9tablissement (restauration collective, restaurants, cantines&#8230;).<\/span><\/p>\n<p><span style=\"font-size: 10.5pt; font-family: 'Radikal Light';\">Venez \u00e0 la d\u00e9couverte de leur fonctionnement, participez aux animations, \u00e9changez avec les r\u00e9f\u00e9rents de site, inspirez-vous, faites-vous accompagner par Syclum dans votre projet,<\/span><\/p>\n<p><span style=\"font-size: 10.5pt; font-family: 'Radikal Light';\">visitez les sites de compostage partag\u00e9 du territoire. <\/span><\/p>\n<p><span style=\"font-size: 10.5pt; font-family: 'Radikal Light';\">\u00a0<\/span><\/p>\n<p><span style=\"font-size: 10.5pt; font-family: 'Radikal Light';\">Retrouvez les dates, les sites ouverts <\/span><span style=\"font-size: 10.5pt;\">\u00a0<\/span><span style=\"font-size: 10.5pt; font-family: 'Radikal Light';\">et le programme sur<\/span><span style=\"font-size: 10.5pt;\">\u00a0<\/span><span style=\"font-size: 10.5pt; font-family: 'Radikal Light';\">: <a href=\"https:\/\/tousaucompost.fr\/\" target=\"_blank\" data-saferedirecturl=\"https:\/\/www.google.com\/url?q=https:\/\/tousaucompost.fr\/&amp;source=gmail&amp;ust=1679672753470000&amp;usg=AOvVaw0Vh8DrQS5OaQCzxUZ5ptAg\" rel=\"noopener\"><span style=\"color: windowtext; text-decoration: none;\">https:\/\/tousaucompost.fr\/<\/span><\/a> <\/span><\/p>\n<p><a href=\"https:\/\/www.avressieux.com\/mairie\/comptes-rendus-du-conseil-et-convocations\" target=\"_blank\" rel=\"noopener\"><\/a><\/p>\n<p><a href=\"https:\/\/www.avressieux.com\/mairie\/comptes-rendus-du-conseil-et-convocations\/\" target=\"_blank\" rel=\"noopener\"><\/a><\/p>\n<p>[\/et_pb_text][\/et_pb_column][\/et_pb_row][et_pb_row _builder_version=\u00a0\u00bb4.18.0&Prime; _module_preset=\u00a0\u00bbdefault\u00a0\u00bb hover_enabled=\u00a0\u00bb0&Prime; global_colors_info=\u00a0\u00bb{}\u00a0\u00bb theme_builder_area=\u00a0\u00bbpost_content\u00a0\u00bb sticky_enabled=\u00a0\u00bb0&Prime;][et_pb_column type=\u00a0\u00bb4_4&Prime; _builder_version=\u00a0\u00bb4.18.0&Prime; _module_preset=\u00a0\u00bbdefault\u00a0\u00bb global_colors_info=\u00a0\u00bb{}\u00a0\u00bb theme_builder_area=\u00a0\u00bbpost_content\u00a0\u00bb][et_pb_code _builder_version=\u00a0\u00bb4.18.0&Prime; _module_preset=\u00a0\u00bbdefault\u00a0\u00bb hover_enabled=\u00a0\u00bb0&Prime; global_colors_info=\u00a0\u00bb{}\u00a0\u00bb theme_builder_area=\u00a0\u00bbpost_content\u00a0\u00bb sticky_enabled=\u00a0\u00bb0&Prime;]<pee align=\"center\"><!-- [et_pb_line_break_holder] --><iframe loading=\"lazy\" src=\"https:\/\/www.avressieux.com\/mairie\/wp-content\/uploads\/2023\/03\/Affiche-nationale-2023-A3-BD.pdf\" height=\"1000\" width=\"800\"><\/iframe><!-- [et_pb_line_break_holder] --><\/pee>[\/et_pb_code][\/et_pb_column][\/et_pb_row][\/et_pb_section]<\/p>\n","protected":false},"excerpt":{"rendered":"<p>Comme chaque ann\u00e9e SYCLUM est acteur de l\u2019\u00e9v\u00e8nement Tous au compost qui aura lieu du 25 mars au 9 avril 2023, Pour rappel\u00a0: Tous au compost!\u00a0est un \u00e9v\u00e8nement national annuel qui valorise la pratique du compostage de proximit\u00e9 des d\u00e9chets organiques : \u00b7\u00a0\u00a0 le compostage domestique (composteur individuel, lombricomposteur&#8230;), \u00b7\u00a0\u00a0 le compostage partag\u00e9 (en immeuble, [&hellip;]<\/p>\n","protected":false},"author":1,"featured_media":4034,"comment_status":"closed","ping_status":"closed","sticky":false,"template":"","format":"standard","meta":{"_et_pb_use_builder":"on","_et_pb_old_content":"","_et_gb_content_width":"1080","footnotes":""},"categories":[149,1,25],"tags":[50,51,108,127],"class_list":["post-4035","post","type-post","status-publish","format-standard","has-post-thumbnail","hentry","category-a-la-une","category-infos-municipales","category-infospratiques","tag-accueil","tag-administratif","tag-mairie","tag-secretariat"],"yoast_head":"<!-- This site is optimized with the Yoast SEO plugin v27.5 - https:\/\/yoast.com\/product\/yoast-seo-wordpress\/ -->\n<title>Tous au Compost 2023 C&#039;est parti ! | Avressieux<\/title>\n<meta name=\"description\" content=\"Tous au Compost 2023 C&#039;est parti ! | Commune d&#039;Avressieux, en Savoie - 73240 - Actualit\u00e9s municipales, recrutement\" \/>\n<meta name=\"robots\" content=\"index, follow, max-snippet:-1, max-image-preview:large, max-video-preview:-1\" \/>\n<link rel=\"canonical\" href=\"https:\/\/www.avressieux.com\/mairie\/tous-au-compost-2023-cest-parti\/\" \/>\n<meta property=\"og:locale\" content=\"fr_FR\" \/>\n<meta property=\"og:type\" content=\"article\" \/>\n<meta property=\"og:title\" content=\"Tous au Compost 2023 C&#039;est parti ! | Avressieux\" \/>\n<meta property=\"og:description\" content=\"Tous au Compost 2023 C&#039;est parti ! | Commune d&#039;Avressieux, en Savoie - 73240 - Actualit\u00e9s municipales, recrutement\" \/>\n<meta property=\"og:url\" content=\"https:\/\/www.avressieux.com\/mairie\/tous-au-compost-2023-cest-parti\/\" \/>\n<meta property=\"og:site_name\" content=\"Avressieux\" \/>\n<meta property=\"article:publisher\" content=\"https:\/\/www.facebook.com\/Mairie-dAvressieux-104859844654359\/\" \/>\n<meta property=\"article:published_time\" content=\"2023-03-23T15:58:30+00:00\" \/>\n<meta property=\"article:modified_time\" content=\"2023-03-23T16:00:34+00:00\" \/>\n<meta property=\"og:image\" content=\"https:\/\/www.avressieux.com\/mairie\/wp-content\/uploads\/2023\/03\/Affiche-nationale-2023-A3-BD-1.jpg\" \/>\n\t<meta property=\"og:image:width\" content=\"1170\" \/>\n\t<meta property=\"og:image:height\" content=\"1654\" \/>\n\t<meta property=\"og:image:type\" content=\"image\/jpeg\" \/>\n<meta name=\"author\" content=\"Mairie Avressieux\" \/>\n<meta name=\"twitter:card\" content=\"summary_large_image\" \/>\n<meta name=\"twitter:label1\" content=\"\u00c9crit par\" \/>\n\t<meta name=\"twitter:data1\" content=\"Mairie Avressieux\" \/>\n\t<meta name=\"twitter:label2\" content=\"Dur\u00e9e de lecture estim\u00e9e\" \/>\n\t<meta name=\"twitter:data2\" content=\"1 minute\" \/>\n<script type=\"application\/ld+json\" class=\"yoast-schema-graph\">{\"@context\":\"https:\\\/\\\/schema.org\",\"@graph\":[{\"@type\":\"Article\",\"@id\":\"https:\\\/\\\/www.avressieux.com\\\/mairie\\\/tous-au-compost-2023-cest-parti\\\/#article\",\"isPartOf\":{\"@id\":\"https:\\\/\\\/www.avressieux.com\\\/mairie\\\/tous-au-compost-2023-cest-parti\\\/\"},\"author\":{\"name\":\"Mairie Avressieux\",\"@id\":\"https:\\\/\\\/www.avressieux.com\\\/mairie\\\/#\\\/schema\\\/person\\\/9f22688c8c9f239d3d5099d8f47ed9bc\"},\"headline\":\"Tous au Compost 2023 C&rsquo;est parti !\",\"datePublished\":\"2023-03-23T15:58:30+00:00\",\"dateModified\":\"2023-03-23T16:00:34+00:00\",\"mainEntityOfPage\":{\"@id\":\"https:\\\/\\\/www.avressieux.com\\\/mairie\\\/tous-au-compost-2023-cest-parti\\\/\"},\"wordCount\":304,\"publisher\":{\"@id\":\"https:\\\/\\\/www.avressieux.com\\\/mairie\\\/#organization\"},\"image\":{\"@id\":\"https:\\\/\\\/www.avressieux.com\\\/mairie\\\/tous-au-compost-2023-cest-parti\\\/#primaryimage\"},\"thumbnailUrl\":\"https:\\\/\\\/www.avressieux.com\\\/mairie\\\/wp-content\\\/uploads\\\/2023\\\/03\\\/Affiche-nationale-2023-A3-BD-1.jpg\",\"keywords\":[\"accueil\",\"administratif\",\"mairie\",\"secr\u00e9tariat\"],\"articleSection\":[\"\u00c0 la Une\",\"Infos municipales\",\"Infos pratiques\"],\"inLanguage\":\"fr-FR\"},{\"@type\":\"WebPage\",\"@id\":\"https:\\\/\\\/www.avressieux.com\\\/mairie\\\/tous-au-compost-2023-cest-parti\\\/\",\"url\":\"https:\\\/\\\/www.avressieux.com\\\/mairie\\\/tous-au-compost-2023-cest-parti\\\/\",\"name\":\"Tous au Compost 2023 C'est parti ! | Avressieux\",\"isPartOf\":{\"@id\":\"https:\\\/\\\/www.avressieux.com\\\/mairie\\\/#website\"},\"primaryImageOfPage\":{\"@id\":\"https:\\\/\\\/www.avressieux.com\\\/mairie\\\/tous-au-compost-2023-cest-parti\\\/#primaryimage\"},\"image\":{\"@id\":\"https:\\\/\\\/www.avressieux.com\\\/mairie\\\/tous-au-compost-2023-cest-parti\\\/#primaryimage\"},\"thumbnailUrl\":\"https:\\\/\\\/www.avressieux.com\\\/mairie\\\/wp-content\\\/uploads\\\/2023\\\/03\\\/Affiche-nationale-2023-A3-BD-1.jpg\",\"datePublished\":\"2023-03-23T15:58:30+00:00\",\"dateModified\":\"2023-03-23T16:00:34+00:00\",\"description\":\"Tous au Compost 2023 C'est parti ! | Commune d'Avressieux, en Savoie - 73240 - Actualit\u00e9s municipales, recrutement\",\"breadcrumb\":{\"@id\":\"https:\\\/\\\/www.avressieux.com\\\/mairie\\\/tous-au-compost-2023-cest-parti\\\/#breadcrumb\"},\"inLanguage\":\"fr-FR\",\"potentialAction\":[{\"@type\":\"ReadAction\",\"target\":[\"https:\\\/\\\/www.avressieux.com\\\/mairie\\\/tous-au-compost-2023-cest-parti\\\/\"]}]},{\"@type\":\"ImageObject\",\"inLanguage\":\"fr-FR\",\"@id\":\"https:\\\/\\\/www.avressieux.com\\\/mairie\\\/tous-au-compost-2023-cest-parti\\\/#primaryimage\",\"url\":\"https:\\\/\\\/www.avressieux.com\\\/mairie\\\/wp-content\\\/uploads\\\/2023\\\/03\\\/Affiche-nationale-2023-A3-BD-1.jpg\",\"contentUrl\":\"https:\\\/\\\/www.avressieux.com\\\/mairie\\\/wp-content\\\/uploads\\\/2023\\\/03\\\/Affiche-nationale-2023-A3-BD-1.jpg\",\"width\":1170,\"height\":1654},{\"@type\":\"BreadcrumbList\",\"@id\":\"https:\\\/\\\/www.avressieux.com\\\/mairie\\\/tous-au-compost-2023-cest-parti\\\/#breadcrumb\",\"itemListElement\":[{\"@type\":\"ListItem\",\"position\":1,\"name\":\"Accueil\",\"item\":\"https:\\\/\\\/www.avressieux.com\\\/mairie\\\/\"},{\"@type\":\"ListItem\",\"position\":2,\"name\":\"Tous au Compost 2023 C&rsquo;est parti !\"}]},{\"@type\":\"WebSite\",\"@id\":\"https:\\\/\\\/www.avressieux.com\\\/mairie\\\/#website\",\"url\":\"https:\\\/\\\/www.avressieux.com\\\/mairie\\\/\",\"name\":\"Avressieux\",\"description\":\"Site officiel de la commune\",\"publisher\":{\"@id\":\"https:\\\/\\\/www.avressieux.com\\\/mairie\\\/#organization\"},\"potentialAction\":[{\"@type\":\"SearchAction\",\"target\":{\"@type\":\"EntryPoint\",\"urlTemplate\":\"https:\\\/\\\/www.avressieux.com\\\/mairie\\\/?s={search_term_string}\"},\"query-input\":{\"@type\":\"PropertyValueSpecification\",\"valueRequired\":true,\"valueName\":\"search_term_string\"}}],\"inLanguage\":\"fr-FR\"},{\"@type\":\"Organization\",\"@id\":\"https:\\\/\\\/www.avressieux.com\\\/mairie\\\/#organization\",\"name\":\"Commune d'Avressieux\",\"url\":\"https:\\\/\\\/www.avressieux.com\\\/mairie\\\/\",\"logo\":{\"@type\":\"ImageObject\",\"inLanguage\":\"fr-FR\",\"@id\":\"https:\\\/\\\/www.avressieux.com\\\/mairie\\\/#\\\/schema\\\/logo\\\/image\\\/\",\"url\":\"https:\\\/\\\/www.avressieux.com\\\/mairie\\\/wp-content\\\/uploads\\\/2020\\\/08\\\/favicon.jpg\",\"contentUrl\":\"https:\\\/\\\/www.avressieux.com\\\/mairie\\\/wp-content\\\/uploads\\\/2020\\\/08\\\/favicon.jpg\",\"width\":512,\"height\":512,\"caption\":\"Commune d'Avressieux\"},\"image\":{\"@id\":\"https:\\\/\\\/www.avressieux.com\\\/mairie\\\/#\\\/schema\\\/logo\\\/image\\\/\"},\"sameAs\":[\"https:\\\/\\\/www.facebook.com\\\/Mairie-dAvressieux-104859844654359\\\/\"]},{\"@type\":\"Person\",\"@id\":\"https:\\\/\\\/www.avressieux.com\\\/mairie\\\/#\\\/schema\\\/person\\\/9f22688c8c9f239d3d5099d8f47ed9bc\",\"name\":\"Mairie Avressieux\",\"image\":{\"@type\":\"ImageObject\",\"inLanguage\":\"fr-FR\",\"@id\":\"https:\\\/\\\/secure.gravatar.com\\\/avatar\\\/f979a8c5245a726ff2cfde2b718b3b9614faeaa1c305f48ed6a3413eb5691b5b?s=96&d=mm&r=g\",\"url\":\"https:\\\/\\\/secure.gravatar.com\\\/avatar\\\/f979a8c5245a726ff2cfde2b718b3b9614faeaa1c305f48ed6a3413eb5691b5b?s=96&d=mm&r=g\",\"contentUrl\":\"https:\\\/\\\/secure.gravatar.com\\\/avatar\\\/f979a8c5245a726ff2cfde2b718b3b9614faeaa1c305f48ed6a3413eb5691b5b?s=96&d=mm&r=g\",\"caption\":\"Mairie Avressieux\"}}]}<\/script>\n<!-- \/ Yoast SEO plugin. -->","yoast_head_json":{"title":"Tous au Compost 2023 C'est parti ! | Avressieux","description":"Tous au Compost 2023 C'est parti ! | Commune d'Avressieux, en Savoie - 73240 - Actualit\u00e9s municipales, recrutement","robots":{"index":"index","follow":"follow","max-snippet":"max-snippet:-1","max-image-preview":"max-image-preview:large","max-video-preview":"max-video-preview:-1"},"canonical":"https:\/\/www.avressieux.com\/mairie\/tous-au-compost-2023-cest-parti\/","og_locale":"fr_FR","og_type":"article","og_title":"Tous au Compost 2023 C'est parti ! | Avressieux","og_description":"Tous au Compost 2023 C'est parti ! | Commune d'Avressieux, en Savoie - 73240 - Actualit\u00e9s municipales, recrutement","og_url":"https:\/\/www.avressieux.com\/mairie\/tous-au-compost-2023-cest-parti\/","og_site_name":"Avressieux","article_publisher":"https:\/\/www.facebook.com\/Mairie-dAvressieux-104859844654359\/","article_published_time":"2023-03-23T15:58:30+00:00","article_modified_time":"2023-03-23T16:00:34+00:00","og_image":[{"width":1170,"height":1654,"url":"https:\/\/www.avressieux.com\/mairie\/wp-content\/uploads\/2023\/03\/Affiche-nationale-2023-A3-BD-1.jpg","type":"image\/jpeg"}],"author":"Mairie Avressieux","twitter_card":"summary_large_image","twitter_misc":{"\u00c9crit par":"Mairie Avressieux","Dur\u00e9e de lecture estim\u00e9e":"1 minute"},"schema":{"@context":"https:\/\/schema.org","@graph":[{"@type":"Article","@id":"https:\/\/www.avressieux.com\/mairie\/tous-au-compost-2023-cest-parti\/#article","isPartOf":{"@id":"https:\/\/www.avressieux.com\/mairie\/tous-au-compost-2023-cest-parti\/"},"author":{"name":"Mairie Avressieux","@id":"https:\/\/www.avressieux.com\/mairie\/#\/schema\/person\/9f22688c8c9f239d3d5099d8f47ed9bc"},"headline":"Tous au Compost 2023 C&rsquo;est parti !","datePublished":"2023-03-23T15:58:30+00:00","dateModified":"2023-03-23T16:00:34+00:00","mainEntityOfPage":{"@id":"https:\/\/www.avressieux.com\/mairie\/tous-au-compost-2023-cest-parti\/"},"wordCount":304,"publisher":{"@id":"https:\/\/www.avressieux.com\/mairie\/#organization"},"image":{"@id":"https:\/\/www.avressieux.com\/mairie\/tous-au-compost-2023-cest-parti\/#primaryimage"},"thumbnailUrl":"https:\/\/www.avressieux.com\/mairie\/wp-content\/uploads\/2023\/03\/Affiche-nationale-2023-A3-BD-1.jpg","keywords":["accueil","administratif","mairie","secr\u00e9tariat"],"articleSection":["\u00c0 la Une","Infos municipales","Infos pratiques"],"inLanguage":"fr-FR"},{"@type":"WebPage","@id":"https:\/\/www.avressieux.com\/mairie\/tous-au-compost-2023-cest-parti\/","url":"https:\/\/www.avressieux.com\/mairie\/tous-au-compost-2023-cest-parti\/","name":"Tous au Compost 2023 C'est parti ! | Avressieux","isPartOf":{"@id":"https:\/\/www.avressieux.com\/mairie\/#website"},"primaryImageOfPage":{"@id":"https:\/\/www.avressieux.com\/mairie\/tous-au-compost-2023-cest-parti\/#primaryimage"},"image":{"@id":"https:\/\/www.avressieux.com\/mairie\/tous-au-compost-2023-cest-parti\/#primaryimage"},"thumbnailUrl":"https:\/\/www.avressieux.com\/mairie\/wp-content\/uploads\/2023\/03\/Affiche-nationale-2023-A3-BD-1.jpg","datePublished":"2023-03-23T15:58:30+00:00","dateModified":"2023-03-23T16:00:34+00:00","description":"Tous au Compost 2023 C'est parti ! | Commune d'Avressieux, en Savoie - 73240 - Actualit\u00e9s municipales, recrutement","breadcrumb":{"@id":"https:\/\/www.avressieux.com\/mairie\/tous-au-compost-2023-cest-parti\/#breadcrumb"},"inLanguage":"fr-FR","potentialAction":[{"@type":"ReadAction","target":["https:\/\/www.avressieux.com\/mairie\/tous-au-compost-2023-cest-parti\/"]}]},{"@type":"ImageObject","inLanguage":"fr-FR","@id":"https:\/\/www.avressieux.com\/mairie\/tous-au-compost-2023-cest-parti\/#primaryimage","url":"https:\/\/www.avressieux.com\/mairie\/wp-content\/uploads\/2023\/03\/Affiche-nationale-2023-A3-BD-1.jpg","contentUrl":"https:\/\/www.avressieux.com\/mairie\/wp-content\/uploads\/2023\/03\/Affiche-nationale-2023-A3-BD-1.jpg","width":1170,"height":1654},{"@type":"BreadcrumbList","@id":"https:\/\/www.avressieux.com\/mairie\/tous-au-compost-2023-cest-parti\/#breadcrumb","itemListElement":[{"@type":"ListItem","position":1,"name":"Accueil","item":"https:\/\/www.avressieux.com\/mairie\/"},{"@type":"ListItem","position":2,"name":"Tous au Compost 2023 C&rsquo;est parti !"}]},{"@type":"WebSite","@id":"https:\/\/www.avressieux.com\/mairie\/#website","url":"https:\/\/www.avressieux.com\/mairie\/","name":"Avressieux","description":"Site officiel de la commune","publisher":{"@id":"https:\/\/www.avressieux.com\/mairie\/#organization"},"potentialAction":[{"@type":"SearchAction","target":{"@type":"EntryPoint","urlTemplate":"https:\/\/www.avressieux.com\/mairie\/?s={search_term_string}"},"query-input":{"@type":"PropertyValueSpecification","valueRequired":true,"valueName":"search_term_string"}}],"inLanguage":"fr-FR"},{"@type":"Organization","@id":"https:\/\/www.avressieux.com\/mairie\/#organization","name":"Commune d'Avressieux","url":"https:\/\/www.avressieux.com\/mairie\/","logo":{"@type":"ImageObject","inLanguage":"fr-FR","@id":"https:\/\/www.avressieux.com\/mairie\/#\/schema\/logo\/image\/","url":"https:\/\/www.avressieux.com\/mairie\/wp-content\/uploads\/2020\/08\/favicon.jpg","contentUrl":"https:\/\/www.avressieux.com\/mairie\/wp-content\/uploads\/2020\/08\/favicon.jpg","width":512,"height":512,"caption":"Commune d'Avressieux"},"image":{"@id":"https:\/\/www.avressieux.com\/mairie\/#\/schema\/logo\/image\/"},"sameAs":["https:\/\/www.facebook.com\/Mairie-dAvressieux-104859844654359\/"]},{"@type":"Person","@id":"https:\/\/www.avressieux.com\/mairie\/#\/schema\/person\/9f22688c8c9f239d3d5099d8f47ed9bc","name":"Mairie Avressieux","image":{"@type":"ImageObject","inLanguage":"fr-FR","@id":"https:\/\/secure.gravatar.com\/avatar\/f979a8c5245a726ff2cfde2b718b3b9614faeaa1c305f48ed6a3413eb5691b5b?s=96&d=mm&r=g","url":"https:\/\/secure.gravatar.com\/avatar\/f979a8c5245a726ff2cfde2b718b3b9614faeaa1c305f48ed6a3413eb5691b5b?s=96&d=mm&r=g","contentUrl":"https:\/\/secure.gravatar.com\/avatar\/f979a8c5245a726ff2cfde2b718b3b9614faeaa1c305f48ed6a3413eb5691b5b?s=96&d=mm&r=g","caption":"Mairie Avressieux"}}]}},"publishpress_future_action":{"enabled":false,"date":"2026-05-10 10:15:26","action":"change-status","newStatus":"draft","terms":[],"taxonomy":"category","extraData":[]},"publishpress_future_workflow_manual_trigger":{"enabledWorkflows":[]},"_links":{"self":[{"href":"https:\/\/www.avressieux.com\/mairie\/wp-json\/wp\/v2\/posts\/4035","targetHints":{"allow":["GET"]}}],"collection":[{"href":"https:\/\/www.avressieux.com\/mairie\/wp-json\/wp\/v2\/posts"}],"about":[{"href":"https:\/\/www.avressieux.com\/mairie\/wp-json\/wp\/v2\/types\/post"}],"author":[{"embeddable":true,"href":"https:\/\/www.avressieux.com\/mairie\/wp-json\/wp\/v2\/users\/1"}],"replies":[{"embeddable":true,"href":"https:\/\/www.avressieux.com\/mairie\/wp-json\/wp\/v2\/comments?post=4035"}],"version-history":[{"count":2,"href":"https:\/\/www.avressieux.com\/mairie\/wp-json\/wp\/v2\/posts\/4035\/revisions"}],"predecessor-version":[{"id":4038,"href":"https:\/\/www.avressieux.com\/mairie\/wp-json\/wp\/v2\/posts\/4035\/revisions\/4038"}],"wp:featuredmedia":[{"embeddable":true,"href":"https:\/\/www.avressieux.com\/mairie\/wp-json\/wp\/v2\/media\/4034"}],"wp:attachment":[{"href":"https:\/\/www.avressieux.com\/mairie\/wp-json\/wp\/v2\/media?parent=4035"}],"wp:term":[{"taxonomy":"category","embeddable":true,"href":"https:\/\/www.avressieux.com\/mairie\/wp-json\/wp\/v2\/categories?post=4035"},{"taxonomy":"post_tag","embeddable":true,"href":"https:\/\/www.avressieux.com\/mairie\/wp-json\/wp\/v2\/tags?post=4035"}],"curies":[{"name":"wp","href":"https:\/\/api.w.org\/{rel}","templated":true}]}}